{"id":1307,"date":"2019-02-21T17:16:59","date_gmt":"2019-02-21T16:16:59","guid":{"rendered":"http:\/\/marioporten.de\/?p=1307"},"modified":"2019-02-21T17:27:16","modified_gmt":"2019-02-21T16:27:16","slug":"ich-bin-jetzt-gerade-mal-geflashed","status":"publish","type":"post","link":"https:\/\/marioporten.de\/?p=1307","title":{"rendered":"&#8220;Ich bin jetzt gerade mal geflashed&#8230;"},"content":{"rendered":"\n<p>&#8230; von der Methode!&#8221;<\/p>\n\n\n\n<p>Das sagte eine hochrangige F\u00fchrungskraft, nachdem die Organisationsaufstellung, in der sie als Aufstellerin agierte, gerade zu Ende gegangen war.<\/p>\n\n\n\n<p>In einem F\u00fchrungskr\u00e4fteworkshop ging es im Rahmen des Jahresauftaktes um die Ver\u00e4nderung der Unternehmenskultur. Mehr Leistung, mehr Mitarbeiterorientierung, weniger Budget, neue Aufgabenverteilung und vieles mehr. Was m\u00fcssen wir als n\u00e4chstes tun, wie kommen wir weiter voran, wie k\u00f6nnen wir das schon erreichte w\u00fcrdigen, wie nehmen wir alle Mitarbeiter mit? Das waren nur einige der Fragen, die zu bearbeiten waren. Neben mehreren Marktst\u00e4nden, an denen eifrig diskutiert wurde, hatten wir auch eine Station, an der die Gruppen das Thema mit einer Organisationsaufstellung in den Fokus nahmen.<\/p>\n\n\n\n<p>Die Gruppen gewannen tolle Erkenntnisse in kurzer Zeit und die Themen wurden vor allem vollkommen sichtbar und transparent. Und damit zur\u00fcck zum Beispiel meiner Aufstellerin:<\/p>\n\n\n\n<p>Sie hatte zun\u00e4chst  &#8220;die Leistungsorientierung&#8221; und &#8220;die Mitarbeiter&#8221; aufgestellt, beide sahen sich mit einigen Metern Abstand an und beiden ging es gut damit. Als n\u00e4chstes stellte sie &#8220;die F\u00fchrungskr\u00e4fte&#8221; zwischen die beiden Elemente, wohl gedacht als verbindendes Element.<\/p>\n\n\n\n<p>&#8220;jetzt kann ich die Mitarbeiter nicht mehr sehen, die F\u00fchrungskr\u00e4fte stehen mir voll im Weg!&#8221;<\/p>\n\n\n\n<p>Der Stellvertreter, der f\u00fcr &#8220;die Leistungsorientierung&#8221; stand, platzte damit heraus, kaum dass ich die Frage, was sich denn jetzt f\u00fcr ihn ver\u00e4ndert h\u00e4tte, ausgesprochen hatte.<\/p>\n\n\n\n<p>Es war sofort klar &#8211; aktuell bef\u00f6rdern die F\u00fchrungskr\u00e4fte die Leistungsorientierung nicht, sie behindern sie eher.<\/p>\n\n\n\n<p>Das Thema lag damit offen auf dem Tisch, transparent, eindeutig und vor allem bearbeitbar. Das haben wir dann auch getan, erst in der Aufstellung durch eine andere Positionierung, vor allem aber danach, durch Reflexion und die Erarbeitung geeigneter Ma\u00dfnahmen.<\/p>\n\n\n\n<p>Zweifel, wo man ansetzen sollte, hatte niemand im Raum &#8211; es war einfach klar, zu eindeutig die Systemenergie und damit das Ergebnis. Und das alles in weniger als 45 Minuten.<\/p>\n\n\n\n<p>Fazit: Organisatinosaufstellungen sind ein \u00e4u\u00dferst energiereiches Format, schaffen h\u00e4ufig gro\u00dfe Transpanrenz und bieten L\u00f6sungsans\u00e4tze in kurzer Zeit. Egal ob man als Aufsteller, Stellvertreter oder Zuschauer mitwirkt, es ist immer wieder erkenntnisreich.<\/p>\n\n\n\n<div class=\"wp-block-image\"><figure class=\"aligncenter is-resized\"><img loading=\"lazy\" decoding=\"async\" src=\"http:\/\/marioporten.de\/wp-content\/uploads\/Beraterkonferenz.jpg\" alt=\"\" class=\"wp-image-1311\" width=\"351\" height=\"262\"\/><\/figure><\/div>\n\n\n\n<p>Wenn Sie mehr erfahren m\u00f6chten, senden wir Ihnen gerne weitere Informationen oder stehen f\u00fcr ein kostenloses Informationsgespr\u00e4ch gerne zur Verf\u00fcgung. <\/p>\n\n\n\n<p>Wir freuen uns auf Sie!<\/p>\n\n\n\n<div class=\"wp-block-image\"><figure class=\"aligncenter is-resized\"><img loading=\"lazy\" decoding=\"async\" src=\"http:\/\/marioporten.de\/wp-content\/uploads\/Fotolia_36690618_XS.jpg\" alt=\"\" class=\"wp-image-125\" width=\"584\" height=\"421\" srcset=\"https:\/\/marioporten.de\/wp-content\/uploads\/Fotolia_36690618_XS.jpg 408w, https:\/\/marioporten.de\/wp-content\/uploads\/Fotolia_36690618_XS-300x216.jpg 300w\" sizes=\"auto, (max-width: 584px) 85vw, 584px\" \/><\/figure><\/div>\n","protected":false},"excerpt":{"rendered":"<p>&#8230; von der Methode!&#8221; Das sagte eine hochrangige F\u00fchrungskraft, nachdem die Organisationsaufstellung, in der sie als Aufstellerin agierte, gerade zu Ende gegangen war. In einem F\u00fchrungskr\u00e4fteworkshop ging es im Rahmen des Jahresauftaktes um die Ver\u00e4nderung der Unternehmenskultur. Mehr Leistung, mehr Mitarbeiterorientierung, weniger Budget, neue Aufgabenverteilung und vieles mehr. Was m\u00fcssen wir als n\u00e4chstes tun, wie &hellip; <a href=\"https:\/\/marioporten.de\/?p=1307\" class=\"more-link\"><span class=\"screen-reader-text\">\u201e&#8220;Ich bin jetzt gerade mal geflashed&#8230;\u201c <\/span>weiterlesen<\/a><\/p>\n","protected":false},"author":1,"featured_media":1308,"comment_status":"open","ping_status":"open","sticky":false,"template":"","format":"standard","meta":{"footnotes":""},"categories":[6],"tags":[43,36,20,37],"class_list":["post-1307","post","type-post","status-publish","format-standard","has-post-thumbnail","hentry","category-aktuelles","tag-aufstellung","tag-change","tag-coaching","tag-veraenderung"],"_links":{"self":[{"href":"https:\/\/marioporten.de\/index.php?rest_route=\/wp\/v2\/posts\/1307","targetHints":{"allow":["GET"]}}],"collection":[{"href":"https:\/\/marioporten.de\/index.php?rest_route=\/wp\/v2\/posts"}],"about":[{"href":"https:\/\/marioporten.de\/index.php?rest_route=\/wp\/v2\/types\/post"}],"author":[{"embeddable":true,"href":"https:\/\/marioporten.de\/index.php?rest_route=\/wp\/v2\/users\/1"}],"replies":[{"embeddable":true,"href":"https:\/\/marioporten.de\/index.php?rest_route=%2Fwp%2Fv2%2Fcomments&post=1307"}],"version-history":[{"count":7,"href":"https:\/\/marioporten.de\/index.php?rest_route=\/wp\/v2\/posts\/1307\/revisions"}],"predecessor-version":[{"id":1319,"href":"https:\/\/marioporten.de\/index.php?rest_route=\/wp\/v2\/posts\/1307\/revisions\/1319"}],"wp:featuredmedia":[{"embeddable":true,"href":"https:\/\/marioporten.de\/index.php?rest_route=\/wp\/v2\/media\/1308"}],"wp:attachment":[{"href":"https:\/\/marioporten.de\/index.php?rest_route=%2Fwp%2Fv2%2Fmedia&parent=1307"}],"wp:term":[{"taxonomy":"category","embeddable":true,"href":"https:\/\/marioporten.de\/index.php?rest_route=%2Fwp%2Fv2%2Fcategories&post=1307"},{"taxonomy":"post_tag","embeddable":true,"href":"https:\/\/marioporten.de\/index.php?rest_route=%2Fwp%2Fv2%2Ftags&post=1307"}],"curies":[{"name":"wp","href":"https:\/\/api.w.org\/{rel}","templated":true}]}}