{"id":1336,"date":"2019-02-28T12:44:03","date_gmt":"2019-02-28T11:44:03","guid":{"rendered":"http:\/\/marioporten.de\/?p=1336"},"modified":"2019-02-28T12:44:05","modified_gmt":"2019-02-28T11:44:05","slug":"psychische-belastungen-der-arbeitnehmer-sind-gestiegen","status":"publish","type":"post","link":"https:\/\/marioporten.de\/?p=1336","title":{"rendered":"Psychische Belastungen der Arbeitnehmer sind gestiegen"},"content":{"rendered":"\n<p>Wie steht es mit den psychischen Belastungen der Arbeitnehmer am Arbeitsplatz? <\/p>\n\n\n\n<p>76% der befragten F\u00fchrungskr\u00e4fte gehen in einer aktuellen Studie der Dekra davon aus, dass diese heute gr\u00f6\u00dfer sind als noch vor 10 Jahren und sich negativ auf die Leistung der Arbeitnehmer auswirken.<\/p>\n\n\n\n<p>Ein solches Bild k\u00f6nnen wir leider tendenziell auch aus unseren Coachings best\u00e4tigen. Mitarbeiter f\u00fchlen sich zum Teil gar verfolgt, abgewertet und unter Druck gesetzt.<\/p>\n\n\n\n<p>75% der 300 befragten Entscheider aus dem Bereich Personal und Arbeitsschutz waren zudem der Meinung, es sei Aufgabe des Arbeitgebers, sich um die psychische Gesundheit der Arbeitnehmer zu k\u00fcmmern.<\/p>\n\n\n\n<p>Wie schon in so vielen Befragungen folgt nun auf die Theorie die Praxis und in der bieten nur etwa 33% der Unternehmen Ma\u00dfnahmen zur betrieblichen Gesundheitsf\u00f6rderung an.<\/p>\n\n\n\n<p>Und gefragt, wie man denn die Situation im eigenen Unternehmen einsch\u00e4tze, kamen nur 50% der Befragten zu dem Ergebnis, dass auch im eigenen Unternehmen die psychischen Belastungen der Arbeitnehmer gestiegen seien. Tja, es sind eben immer die anderen&#8230;<\/p>\n\n\n\n<p>F\u00fcr alle die, die immer noch \u00fcberlegen, ob sie sich dem Thema psychische Belastungen stellen sollen, sei nur kurz in Erinnerung gerufen:<\/p>\n\n\n\n<div class=\"wp-block-image\"><figure class=\"aligncenter is-resized\"><img loading=\"lazy\" decoding=\"async\" src=\"http:\/\/marioporten.de\/wp-content\/uploads\/Krankschreibung-1024x643.jpg\" alt=\"\" class=\"wp-image-1337\" width=\"624\" height=\"391\" srcset=\"https:\/\/marioporten.de\/wp-content\/uploads\/Krankschreibung-1024x643.jpg 1024w, https:\/\/marioporten.de\/wp-content\/uploads\/Krankschreibung-300x188.jpg 300w, https:\/\/marioporten.de\/wp-content\/uploads\/Krankschreibung-768x482.jpg 768w, https:\/\/marioporten.de\/wp-content\/uploads\/Krankschreibung-1200x753.jpg 1200w, https:\/\/marioporten.de\/wp-content\/uploads\/Krankschreibung.jpg 1925w\" sizes=\"auto, (max-width: 709px) 85vw, (max-width: 909px) 67vw, (max-width: 984px) 61vw, (max-width: 1362px) 45vw, 600px\" \/><figcaption>Quelle: BKK Gesundheitsatlas 2017<\/figcaption><\/figure><\/div>\n\n\n\n<p>Die durchschnittliche AU-Dauer einer Atemwegserkrankung betr\u00e4gt ca. 6 Tage, die einer psychischen St\u00f6rung ca. 34 Tage. Klassische Burn Out Kandidaten erreichen oftmals auch ein halbes Jahr oder mehr.<\/p>\n\n\n\n<p>Daher unser Appell: <strong>Wegschauen ist keine L\u00f6sung<\/strong> &#8211; sensibilisieren Sie Ihre F\u00fchrungskr\u00e4fte und packen Sie das Thema an!<\/p>\n\n\n\n<div class=\"wp-block-image\"><figure class=\"aligncenter is-resized\"><img loading=\"lazy\" decoding=\"async\" src=\"http:\/\/marioporten.de\/wp-content\/uploads\/Fotolia_20716419_XS.jpg\" alt=\"\" class=\"wp-image-1340\" width=\"490\" height=\"375\" srcset=\"https:\/\/marioporten.de\/wp-content\/uploads\/Fotolia_20716419_XS.jpg 396w, https:\/\/marioporten.de\/wp-content\/uploads\/Fotolia_20716419_XS-300x230.jpg 300w\" sizes=\"auto, (max-width: 490px) 85vw, 490px\" \/><\/figure><\/div>\n","protected":false},"excerpt":{"rendered":"<p>Wie steht es mit den psychischen Belastungen der Arbeitnehmer am Arbeitsplatz? 76% der befragten F\u00fchrungskr\u00e4fte gehen in einer aktuellen Studie der Dekra davon aus, dass diese heute gr\u00f6\u00dfer sind als noch vor 10 Jahren und sich negativ auf die Leistung der Arbeitnehmer auswirken. Ein solches Bild k\u00f6nnen wir leider tendenziell auch aus unseren Coachings best\u00e4tigen. &hellip; <a href=\"https:\/\/marioporten.de\/?p=1336\" class=\"more-link\"><span class=\"screen-reader-text\">\u201ePsychische Belastungen der Arbeitnehmer sind gestiegen\u201c <\/span>weiterlesen<\/a><\/p>\n","protected":false},"author":1,"featured_media":1339,"comment_status":"open","ping_status":"open","sticky":false,"template":"","format":"standard","meta":{"footnotes":""},"categories":[1],"tags":[49,51,52,50,53,48],"class_list":["post-1336","post","type-post","status-publish","format-standard","has-post-thumbnail","hentry","category-allgemein","tag-burn-out","tag-fehlzeiten","tag-fuehrungskraefte","tag-krankschreibungen","tag-mitarbeitergesundheit","tag-psychische-erkrankungen"],"_links":{"self":[{"href":"https:\/\/marioporten.de\/index.php?rest_route=\/wp\/v2\/posts\/1336","targetHints":{"allow":["GET"]}}],"collection":[{"href":"https:\/\/marioporten.de\/index.php?rest_route=\/wp\/v2\/posts"}],"about":[{"href":"https:\/\/marioporten.de\/index.php?rest_route=\/wp\/v2\/types\/post"}],"author":[{"embeddable":true,"href":"https:\/\/marioporten.de\/index.php?rest_route=\/wp\/v2\/users\/1"}],"replies":[{"embeddable":true,"href":"https:\/\/marioporten.de\/index.php?rest_route=%2Fwp%2Fv2%2Fcomments&post=1336"}],"version-history":[{"count":4,"href":"https:\/\/marioporten.de\/index.php?rest_route=\/wp\/v2\/posts\/1336\/revisions"}],"predecessor-version":[{"id":1343,"href":"https:\/\/marioporten.de\/index.php?rest_route=\/wp\/v2\/posts\/1336\/revisions\/1343"}],"wp:featuredmedia":[{"embeddable":true,"href":"https:\/\/marioporten.de\/index.php?rest_route=\/wp\/v2\/media\/1339"}],"wp:attachment":[{"href":"https:\/\/marioporten.de\/index.php?rest_route=%2Fwp%2Fv2%2Fmedia&parent=1336"}],"wp:term":[{"taxonomy":"category","embeddable":true,"href":"https:\/\/marioporten.de\/index.php?rest_route=%2Fwp%2Fv2%2Fcategories&post=1336"},{"taxonomy":"post_tag","embeddable":true,"href":"https:\/\/marioporten.de\/index.php?rest_route=%2Fwp%2Fv2%2Ftags&post=1336"}],"curies":[{"name":"wp","href":"https:\/\/api.w.org\/{rel}","templated":true}]}}