{"id":1493,"date":"2019-08-26T09:55:15","date_gmt":"2019-08-26T07:55:15","guid":{"rendered":"http:\/\/marioporten.de\/?p=1493"},"modified":"2019-08-26T20:53:14","modified_gmt":"2019-08-26T18:53:14","slug":"dauerthema-work-life-balance","status":"publish","type":"post","link":"https:\/\/marioporten.de\/?p=1493","title":{"rendered":"Dauerthema &#8220;Work-Life-Balance&#8221;"},"content":{"rendered":"\n<p>Den Begriff m\u00f6gen viele nicht mehr h\u00f6ren wollen: Work-Life-Balance passt nicht mehr in die agile Welt. l\u00e4ngst geht es nicht mehr um die Trennung von Work und Life, sondern um die Verschmelzung von beiden zu einem erf\u00fcllten Leben. Stimmt und klingt auch super.<\/p>\n\n\n\n<p>Abseits der Begriffsdiskussion bleiben die Probleme allerdings seit Jahen die gleichen. Die Gedanken h\u00f6ren nicht auf zu kreisen, die Termine dr\u00fccken, der Kopf brummt &#8211; Stress. Etwa die H\u00e4lfte aller Besch\u00e4ftigten ist solchen Szenarien regelm\u00e4\u00dfig ausgesetzt. Das jedenfalls ist das Ergebnis einer Studie, die im Auftrag des Personaldienstleisters ManpowerGroup durchgef\u00fchrt wurde und deren Ergebnisse <em>managerseminare<\/em> in seiner aktuellen Ausgabe ver\u00f6ffentlicht.<\/p>\n\n\n\n<p>Demnach klagen circa ein F\u00fcnftel der Befragten  \u00fcber regelm\u00e4\u00dfige Kopf- oder Nackenschmerzen bzw. Schlafst\u00f6rungen und etwa ein Drittel f\u00fchlt sich h\u00e4ufig ersch\u00f6pft und m\u00fcde. Das ist weder f\u00fcr die Betroffenen noch f\u00fcr die Unternehmen, die mit der eingeschr\u00e4nkten Leistungsf\u00e4higkeit ihrer Mitarbeiter klar kommen m\u00fcssen, ein angenehmer Zustand.<\/p>\n\n\n\n<p>Ob man also den Begriff mag oder nicht, das Thema ist so aktuell wie eh und je und das sehen auch die Befragten so: Immerhin 76% von ihnen versuchen durch geeignete Ma\u00dfnahmen aktiv gegenzusteuern.<\/p>\n\n\n\n<figure class=\"wp-block-image is-resized\"><img loading=\"lazy\" decoding=\"async\" src=\"http:\/\/marioporten.de\/wp-content\/uploads\/f\u00fcr-Artikel-Blog-1024x666.jpg\" alt=\"\" class=\"wp-image-1494\" width=\"537\" height=\"349\" srcset=\"https:\/\/marioporten.de\/wp-content\/uploads\/f\u00fcr-Artikel-Blog-1024x666.jpg 1024w, https:\/\/marioporten.de\/wp-content\/uploads\/f\u00fcr-Artikel-Blog-300x195.jpg 300w, https:\/\/marioporten.de\/wp-content\/uploads\/f\u00fcr-Artikel-Blog-768x500.jpg 768w, https:\/\/marioporten.de\/wp-content\/uploads\/f\u00fcr-Artikel-Blog-1200x781.jpg 1200w, https:\/\/marioporten.de\/wp-content\/uploads\/f\u00fcr-Artikel-Blog.jpg 1303w\" sizes=\"auto, (max-width: 537px) 85vw, 537px\" \/><\/figure>\n\n\n\n<p>Das ist auch gut so, denn nach wie vor sind psychische Erkrankungen, die vor allem durch \u00dcberlastung ausgel\u00f6st werden, auf dem Vormarsch und f\u00fchren f\u00fcr die Unternehmen zu erheblichen Fehlzeiten. Diese lagen gem\u00e4\u00df dem DAK Psychoreport 2019 etwa dreimal so hoch wie noch 1997.<\/p>\n\n\n\n<p>Work-Life-Balance &#8211; das Thema ist f\u00fcr Arbeitnehmer und Arbeitgeber gleicherma\u00dfen top aktuell!<\/p>\n\n\n\n<div class=\"wp-block-image\"><figure class=\"aligncenter is-resized\"><img loading=\"lazy\" decoding=\"async\" src=\"http:\/\/marioporten.de\/wp-content\/uploads\/Fotolia_14420869_XS.jpg\" alt=\"\" class=\"wp-image-1495\" width=\"259\" height=\"242\" srcset=\"https:\/\/marioporten.de\/wp-content\/uploads\/Fotolia_14420869_XS.jpg 358w, https:\/\/marioporten.de\/wp-content\/uploads\/Fotolia_14420869_XS-300x281.jpg 300w\" sizes=\"auto, (max-width: 259px) 85vw, 259px\" \/><\/figure><\/div>\n\n\n\n<p><strong>In eigener Sache:<\/strong><\/p>\n\n\n\n<p>Machen Sie eine Bestandsaufnahme Ihrer eigenen Situationen, identifizieren Sie Kraftquellen und Energier\u00e4uber und finden Sie Ihren Weg zur pers\u00f6nlichen Balance. <br><strong><em>&#8220;Work-Life-Balance kompakt&#8221;<\/em><\/strong>, zwei Coachingtermine (je ca. 3 Stunden)<br>\u20ac 590,-<\/p>\n\n\n\n<p>Wir freuen uns auf Sie!<\/p>\n","protected":false},"excerpt":{"rendered":"<p>Den Begriff m\u00f6gen viele nicht mehr h\u00f6ren wollen: Work-Life-Balance passt nicht mehr in die agile Welt. l\u00e4ngst geht es nicht mehr um die Trennung von Work und Life, sondern um die Verschmelzung von beiden zu einem erf\u00fcllten Leben. Stimmt und klingt auch super. Abseits der Begriffsdiskussion bleiben die Probleme allerdings seit Jahen die gleichen. Die &hellip; <a href=\"https:\/\/marioporten.de\/?p=1493\" class=\"more-link\"><span class=\"screen-reader-text\">\u201eDauerthema &#8220;Work-Life-Balance&#8221;\u201c <\/span>weiterlesen<\/a><\/p>\n","protected":false},"author":1,"featured_media":521,"comment_status":"open","ping_status":"open","sticky":false,"template":"","format":"standard","meta":{"footnotes":""},"categories":[5,6],"tags":[],"class_list":["post-1493","post","type-post","status-publish","format-standard","has-post-thumbnail","hentry","category-aktuelle-fakten-und-umfragen","category-aktuelles"],"_links":{"self":[{"href":"https:\/\/marioporten.de\/index.php?rest_route=\/wp\/v2\/posts\/1493","targetHints":{"allow":["GET"]}}],"collection":[{"href":"https:\/\/marioporten.de\/index.php?rest_route=\/wp\/v2\/posts"}],"about":[{"href":"https:\/\/marioporten.de\/index.php?rest_route=\/wp\/v2\/types\/post"}],"author":[{"embeddable":true,"href":"https:\/\/marioporten.de\/index.php?rest_route=\/wp\/v2\/users\/1"}],"replies":[{"embeddable":true,"href":"https:\/\/marioporten.de\/index.php?rest_route=%2Fwp%2Fv2%2Fcomments&post=1493"}],"version-history":[{"count":4,"href":"https:\/\/marioporten.de\/index.php?rest_route=\/wp\/v2\/posts\/1493\/revisions"}],"predecessor-version":[{"id":1503,"href":"https:\/\/marioporten.de\/index.php?rest_route=\/wp\/v2\/posts\/1493\/revisions\/1503"}],"wp:featuredmedia":[{"embeddable":true,"href":"https:\/\/marioporten.de\/index.php?rest_route=\/wp\/v2\/media\/521"}],"wp:attachment":[{"href":"https:\/\/marioporten.de\/index.php?rest_route=%2Fwp%2Fv2%2Fmedia&parent=1493"}],"wp:term":[{"taxonomy":"category","embeddable":true,"href":"https:\/\/marioporten.de\/index.php?rest_route=%2Fwp%2Fv2%2Fcategories&post=1493"},{"taxonomy":"post_tag","embeddable":true,"href":"https:\/\/marioporten.de\/index.php?rest_route=%2Fwp%2Fv2%2Ftags&post=1493"}],"curies":[{"name":"wp","href":"https:\/\/api.w.org\/{rel}","templated":true}]}}