{"id":1519,"date":"2019-09-22T09:12:01","date_gmt":"2019-09-22T07:12:01","guid":{"rendered":"http:\/\/marioporten.de\/?p=1519"},"modified":"2019-09-22T09:12:21","modified_gmt":"2019-09-22T07:12:21","slug":"die-eigene-gesundheit-foerdern-fuehrungskraefte","status":"publish","type":"post","link":"https:\/\/marioporten.de\/?p=1519","title":{"rendered":"Die eigene Gesundheit f\u00f6rdern F\u00fchrungskr\u00e4fte&#8230;"},"content":{"rendered":"\n<p>&#8230;indem sie Ihre Mitarbeiter besser f\u00fchren!<\/p>\n\n\n\n<p>Klingt paradox- scheint aber richtig zu sein und ist beim etwas l\u00e4ngeren Nachdenken auch nachvollziehbar.<\/p>\n\n\n\n<p>Dass der Chef mit seinem F\u00fchrungsverhalten f\u00fcr mehr oder weniger Wohlbefinden seiner MitarbeiterInnen sorgt, ist bekannt und wurde hinl\u00e4nglich bewiesen. <\/p>\n\n\n\n<p>Jetzt aber legen Wissenschaftler der CAU in Kiel, der Goethe Universit\u00e4t in Frankfurt am Main und der Universit\u00e4t Koblenz Landau eine Metastudie vor, die belegt, dass auch das eigene Wohlbefinden der F\u00fchrungskr\u00e4fte mit dem eigenen F\u00fchrungsstil korrespondiert.<\/p>\n\n\n\n<p>Die Forscher haben 88 Studien mit insgesamt 12.000 Teilnehmenden ausgewertet und festgestellt, dass sich F\u00fchrungskr\u00e4fte, die konstruktiv f\u00fchren, besser f\u00fchlen, als solche die destruktiv f\u00fchren. Letztere werden n\u00e4mlich h\u00e4ufig vom eigenen schlechten Gewissen geplagt. Dies wiederum f\u00fchrt zu Stress und somit zu einer gr\u00f6\u00dferen Anf\u00e4lligkeit f\u00fcr psychische Erkrankungen wie etwas Burn-Out.<\/p>\n\n\n\n<div class=\"wp-block-image\"><figure class=\"aligncenter is-resized\"><img loading=\"lazy\" decoding=\"async\" src=\"http:\/\/marioporten.de\/wp-content\/uploads\/besser-f\u00fchren-854x1024.jpg\" alt=\"\" class=\"wp-image-1520\" width=\"502\" height=\"602\" srcset=\"https:\/\/marioporten.de\/wp-content\/uploads\/besser-f\u00fchren-854x1024.jpg 854w, https:\/\/marioporten.de\/wp-content\/uploads\/besser-f\u00fchren-250x300.jpg 250w, https:\/\/marioporten.de\/wp-content\/uploads\/besser-f\u00fchren-768x921.jpg 768w, https:\/\/marioporten.de\/wp-content\/uploads\/besser-f\u00fchren-1200x1440.jpg 1200w, https:\/\/marioporten.de\/wp-content\/uploads\/besser-f\u00fchren.jpg 1287w\" sizes=\"auto, (max-width: 502px) 85vw, 502px\" \/><\/figure><\/div>\n\n\n\n<p style=\"text-align:right\"><em>Quelle: managerseminare 10\/2019<\/em><\/p>\n\n\n\n<p>Bleibt noch die Begriffskl\u00e4rung, denn zumindest mir sind bislang weder ein konstruktiver noch ein destruktiver F\u00fchrungsstil konkret begegnet, aber es gibt ja st\u00e4ndig neue Definitionen von F\u00fchrungsstilen.<\/p>\n\n\n\n<p>Destruktiv agieren F\u00fchrungskr\u00e4fte, die ihre MitarbeiterInnen st\u00e4ndig kritisieren, sie denunzieren oder gar mobben. Dass dies zu einem schlechten Gewissen f\u00fchrt, kann man dann eigentlich nur hoffen.<\/p>\n\n\n\n<p>Konstruktiv hingegen f\u00fchren laut Definition F\u00fchrungskr\u00e4fte, die beziehungs-, ver\u00e4nderungs- und aufgabenorientiert f\u00fchren.<\/p>\n\n\n\n<p><strong>Fazit: <\/strong>Gute F\u00fchrung hilft also beiden: MitarbeiternInnen und F\u00fchrungskraft &#8211; eine echte Win-Win-Situation. Das sollte doch eigentlich alle Firmen motivieren, in F\u00fchrung zu investieren!<\/p>\n\n\n\n<div class=\"wp-block-image\"><figure class=\"aligncenter is-resized\"><img loading=\"lazy\" decoding=\"async\" src=\"http:\/\/marioporten.de\/wp-content\/uploads\/Fotolia_126920603_S-1.jpg\" alt=\"\" class=\"wp-image-1522\" width=\"366\" height=\"258\" srcset=\"https:\/\/marioporten.de\/wp-content\/uploads\/Fotolia_126920603_S-1.jpg 824w, https:\/\/marioporten.de\/wp-content\/uploads\/Fotolia_126920603_S-1-300x212.jpg 300w, https:\/\/marioporten.de\/wp-content\/uploads\/Fotolia_126920603_S-1-768x543.jpg 768w\" sizes=\"auto, (max-width: 366px) 85vw, 366px\" \/><figcaption>Ziele gestalten. Chart mit W\u00f6rtern und gezeichneten Piktogrammen<\/figcaption><\/figure><\/div>\n\n\n\n<p><em>In eigener Sache:<\/em><\/p>\n\n\n\n<p><strong>&#8220;Erfolgreich F\u00fchren mit Coachingkompetenz&#8221;<\/strong><br>Kleingruppenseminar in den Abendstunden<br>Erwerben Sie Ihr zukunftsorientiertes F\u00fchrungsinstrumentarium!<\/p>\n\n\n\n<p>Jetzt informieren: <strong><a href=\"http:\/\/marioporten.de\/wp-content\/uploads\/download-Coachende-F%C3%BChrung_neu.pdf\">Flyer<\/a><\/strong><\/p>\n\n\n\n<div class=\"wp-block-image\"><figure class=\"aligncenter\"><img loading=\"lazy\" decoding=\"async\" width=\"466\" height=\"258\" src=\"http:\/\/marioporten.de\/wp-content\/uploads\/Fotolia_33698219_XS-1.jpg\" alt=\"\" class=\"wp-image-1183\" srcset=\"https:\/\/marioporten.de\/wp-content\/uploads\/Fotolia_33698219_XS-1.jpg 466w, https:\/\/marioporten.de\/wp-content\/uploads\/Fotolia_33698219_XS-1-300x166.jpg 300w\" sizes=\"auto, (max-width: 466px) 85vw, 466px\" \/><\/figure><\/div>\n","protected":false},"excerpt":{"rendered":"<p>&#8230;indem sie Ihre Mitarbeiter besser f\u00fchren! Klingt paradox- scheint aber richtig zu sein und ist beim etwas l\u00e4ngeren Nachdenken auch nachvollziehbar. Dass der Chef mit seinem F\u00fchrungsverhalten f\u00fcr mehr oder weniger Wohlbefinden seiner MitarbeiterInnen sorgt, ist bekannt und wurde hinl\u00e4nglich bewiesen. Jetzt aber legen Wissenschaftler der CAU in Kiel, der Goethe Universit\u00e4t in Frankfurt am &hellip; <a href=\"https:\/\/marioporten.de\/?p=1519\" class=\"more-link\"><span class=\"screen-reader-text\">\u201eDie eigene Gesundheit f\u00f6rdern F\u00fchrungskr\u00e4fte&#8230;\u201c <\/span>weiterlesen<\/a><\/p>\n","protected":false},"author":1,"featured_media":211,"comment_status":"open","ping_status":"open","sticky":false,"template":"","format":"standard","meta":{"footnotes":""},"categories":[5],"tags":[49,27,78,66],"class_list":["post-1519","post","type-post","status-publish","format-standard","has-post-thumbnail","hentry","category-aktuelle-fakten-und-umfragen","tag-burn-out","tag-fuehrung","tag-gesundheit","tag-leadership"],"_links":{"self":[{"href":"https:\/\/marioporten.de\/index.php?rest_route=\/wp\/v2\/posts\/1519","targetHints":{"allow":["GET"]}}],"collection":[{"href":"https:\/\/marioporten.de\/index.php?rest_route=\/wp\/v2\/posts"}],"about":[{"href":"https:\/\/marioporten.de\/index.php?rest_route=\/wp\/v2\/types\/post"}],"author":[{"embeddable":true,"href":"https:\/\/marioporten.de\/index.php?rest_route=\/wp\/v2\/users\/1"}],"replies":[{"embeddable":true,"href":"https:\/\/marioporten.de\/index.php?rest_route=%2Fwp%2Fv2%2Fcomments&post=1519"}],"version-history":[{"count":5,"href":"https:\/\/marioporten.de\/index.php?rest_route=\/wp\/v2\/posts\/1519\/revisions"}],"predecessor-version":[{"id":1526,"href":"https:\/\/marioporten.de\/index.php?rest_route=\/wp\/v2\/posts\/1519\/revisions\/1526"}],"wp:featuredmedia":[{"embeddable":true,"href":"https:\/\/marioporten.de\/index.php?rest_route=\/wp\/v2\/media\/211"}],"wp:attachment":[{"href":"https:\/\/marioporten.de\/index.php?rest_route=%2Fwp%2Fv2%2Fmedia&parent=1519"}],"wp:term":[{"taxonomy":"category","embeddable":true,"href":"https:\/\/marioporten.de\/index.php?rest_route=%2Fwp%2Fv2%2Fcategories&post=1519"},{"taxonomy":"post_tag","embeddable":true,"href":"https:\/\/marioporten.de\/index.php?rest_route=%2Fwp%2Fv2%2Ftags&post=1519"}],"curies":[{"name":"wp","href":"https:\/\/api.w.org\/{rel}","templated":true}]}}