{"id":1789,"date":"2020-03-21T07:01:48","date_gmt":"2020-03-21T06:01:48","guid":{"rendered":"http:\/\/marioporten.de\/?p=1789"},"modified":"2020-03-21T07:01:57","modified_gmt":"2020-03-21T06:01:57","slug":"der-mp-impuls-zum-wochenende-8","status":"publish","type":"post","link":"https:\/\/marioporten.de\/?p=1789","title":{"rendered":"Der MP Impuls zum Wochenende"},"content":{"rendered":"\n<p>In dieser Woche fiel es mir nicht leicht, ein Thema f\u00fcr den Samstagsimpuls zu finden. Dann sah ich diesen wieder einmal gro\u00dfartigen Spruch auf meinem Tageskalender.<\/p>\n\n\n\n<p>Sofort wird wieder einmal klar, es sind unsere Gedanken und Bewertungen, die bestimmen, ob es uns gut geht oder nicht. Viele w\u00fcrden vielleicht jammern, dass es regnet, die Kinder nicht drau\u00dfen spielen k\u00f6nnen, sie in der Wohnung viel anstrengender sind und vieles mehr. Der andere Blick auf die freien Schaukeln, vielleicht gepaart mir der richtigen Kleidung macht die Situation gleich viel freundlicher und ist dazu noch l\u00f6sungs- und handlungsorientiert.<\/p>\n\n\n\n<p>Nun liegt es mir nat\u00fcrlich fern, die aktuelle Krise mit Regenwetter zu vergleichen und doch ist der Gedanke der gleiche:<\/p>\n\n\n\n<p>Was sind ihre Schaukeln im Regen?<\/p>\n\n\n\n<p>Was wird gerade m\u00f6glich, was bislang nie m\u00f6glich war?<\/p>\n\n\n\n<p>Was k\u00f6nnen Sie tun, um positiv durch diese Zeit zu kommen?<\/p>\n\n\n\n<p>Was gewinnen wir durch diese Krise?<\/p>\n\n\n\n<p>Es wird nicht besser mit negativen Gedanken, mit positiven schon!<\/p>\n\n\n\n<p>Davon w\u00fcnsche ich Ihnen m\u00f6glichst viele an diesem Wochenende in einer herausfordernden Zeit.<\/p>\n\n\n\n<p>Gemeinsam schaffen wir das!<\/p>\n\n\n\n<p><a href=\"http:\/\/marioporten.de\/kontakt\/\" target=\"_blank\" rel=\"noreferrer noopener\" aria-label=\"Kontakt (\u00f6ffnet in neuem Tab)\">Kontakt<\/a><\/p>\n\n\n\n<p>Wir freuen uns auf Sie!<\/p>\n\n\n\n<figure class=\"wp-block-image size-large is-resized\"><img loading=\"lazy\" decoding=\"async\" src=\"http:\/\/marioporten.de\/wp-content\/uploads\/Fotolia_111594190_S.jpg\" alt=\"\" class=\"wp-image-1791\" width=\"600\" height=\"600\" srcset=\"https:\/\/marioporten.de\/wp-content\/uploads\/Fotolia_111594190_S.jpg 693w, https:\/\/marioporten.de\/wp-content\/uploads\/Fotolia_111594190_S-300x300.jpg 300w, https:\/\/marioporten.de\/wp-content\/uploads\/Fotolia_111594190_S-150x150.jpg 150w\" sizes=\"auto, (max-width: 709px) 85vw, (max-width: 909px) 67vw, (max-width: 984px) 61vw, (max-width: 1362px) 45vw, 600px\" \/><\/figure>\n","protected":false},"excerpt":{"rendered":"<p>In dieser Woche fiel es mir nicht leicht, ein Thema f\u00fcr den Samstagsimpuls zu finden. Dann sah ich diesen wieder einmal gro\u00dfartigen Spruch auf meinem Tageskalender. Sofort wird wieder einmal klar, es sind unsere Gedanken und Bewertungen, die bestimmen, ob es uns gut geht oder nicht. Viele w\u00fcrden vielleicht jammern, dass es regnet, die Kinder &hellip; <a href=\"https:\/\/marioporten.de\/?p=1789\" class=\"more-link\"><span class=\"screen-reader-text\">\u201eDer MP Impuls zum Wochenende\u201c <\/span>weiterlesen<\/a><\/p>\n","protected":false},"author":1,"featured_media":1790,"comment_status":"open","ping_status":"open","sticky":false,"template":"","format":"standard","meta":{"footnotes":""},"categories":[115],"tags":[159,160,110],"class_list":["post-1789","post","type-post","status-publish","format-standard","has-post-thumbnail","hentry","category-impulse","tag-krise-als-chance","tag-positiv-denken","tag-selbstreflexion"],"_links":{"self":[{"href":"https:\/\/marioporten.de\/index.php?rest_route=\/wp\/v2\/posts\/1789","targetHints":{"allow":["GET"]}}],"collection":[{"href":"https:\/\/marioporten.de\/index.php?rest_route=\/wp\/v2\/posts"}],"about":[{"href":"https:\/\/marioporten.de\/index.php?rest_route=\/wp\/v2\/types\/post"}],"author":[{"embeddable":true,"href":"https:\/\/marioporten.de\/index.php?rest_route=\/wp\/v2\/users\/1"}],"replies":[{"embeddable":true,"href":"https:\/\/marioporten.de\/index.php?rest_route=%2Fwp%2Fv2%2Fcomments&post=1789"}],"version-history":[{"count":2,"href":"https:\/\/marioporten.de\/index.php?rest_route=\/wp\/v2\/posts\/1789\/revisions"}],"predecessor-version":[{"id":1793,"href":"https:\/\/marioporten.de\/index.php?rest_route=\/wp\/v2\/posts\/1789\/revisions\/1793"}],"wp:featuredmedia":[{"embeddable":true,"href":"https:\/\/marioporten.de\/index.php?rest_route=\/wp\/v2\/media\/1790"}],"wp:attachment":[{"href":"https:\/\/marioporten.de\/index.php?rest_route=%2Fwp%2Fv2%2Fmedia&parent=1789"}],"wp:term":[{"taxonomy":"category","embeddable":true,"href":"https:\/\/marioporten.de\/index.php?rest_route=%2Fwp%2Fv2%2Fcategories&post=1789"},{"taxonomy":"post_tag","embeddable":true,"href":"https:\/\/marioporten.de\/index.php?rest_route=%2Fwp%2Fv2%2Ftags&post=1789"}],"curies":[{"name":"wp","href":"https:\/\/api.w.org\/{rel}","templated":true}]}}