{"id":1865,"date":"2020-04-04T08:53:59","date_gmt":"2020-04-04T06:53:59","guid":{"rendered":"http:\/\/marioporten.de\/?p=1865"},"modified":"2020-04-04T08:54:08","modified_gmt":"2020-04-04T06:54:08","slug":"der-mp-impuls-zum-wochenende-10","status":"publish","type":"post","link":"https:\/\/marioporten.de\/?p=1865","title":{"rendered":"Der MP Impuls zum Wochenende"},"content":{"rendered":"\n<p>Vorab: Auch in dieser Woche m\u00f6chte ich Sie herzlich einladen mitzudiskutieren. Ihre Meinung ist gefragt!<\/p>\n\n\n\n<p>Wie letzten Samstag avisiert, m\u00f6chte ich heute ein paar Gedanken auf die Frage verwenden, wie die Corona-Krise unser aller Privatleben vielleicht ver\u00e4ndern wird. Schon letzte Woche, als ich die gleiche Fragestellung in Bezug auf die Arbeitswelt gestellt habe, hatte ich viele Fragen und wenige Antworten. So ist es auch heute &#8211; deshalb: diskutieren Sie mit!<\/p>\n\n\n\n<p>In einem der unz\u00e4hligen TV-Berichte zur Corona-Krise, die ich weitgehend bewusst meide, sah ich diese Woche eine Karte, die den Flugverkehr am Welthimmel abbildete. Links vor Corona und rechts aktuell &#8211; es war kaum zu glauben, die eine Karte wirkte schwarz, die andere gelb. Fast fl\u00e4chendeckend waren  die durch gelbe Punkte gekennzeichneten Flugzeuge am Himmel vor Corona &#8211; ein sehr beeindruckendes Bild.  Was f\u00e4llt Ihnen auf? Der Himmel ist viel klarer? Es ist viel ruhiger &#8211; kaum ein l\u00e4rmendes Flugzeug donnert \u00fcber unsere K\u00f6pfe hinweg (und wir wohnen eigentlich nicht weit ab einer der Einflugschneisen zu Hamburg Airport).<\/p>\n\n\n\n<p>In einem anderen Bericht sah ich Bilder aus Venedig &#8211; klare Kan\u00e4le, der Blick auf den Boden und die Fische wieder m\u00f6glich.<\/p>\n\n\n\n<p>Wenn es einen Gewinner der Krise gibt, dann ist es die Natur, die sp\u00fcrbar und sichtbar durchatmet &#8211; ganz ehrlich: gro\u00dfartig!<\/p>\n\n\n\n<p>Wie wird das nach der Corona-Krise sein? Werden wir wieder zum Shopping nach Rom fliegen &#8211; morgens hin und abends zur\u00fcck, weil das so hip ist? Drei Tage New York, vor allem um neue Jeans zu kaufen? Machen wir so weiter? Urlaub ist nur Urlaub, wenn er m\u00f6glichst weit weg ist? Ich will Marathon laufen, aber bitte nicht vor der T\u00fcr, sondern \u00fcberall auf der Welt. Ein ehemaliger Kollege von mir lief sogar im ewigen Eis. Muss das alles sein oder kehrt Besinnung ein? Ich weiss es nicht, aber ganz ehrlich, ich w\u00fcrde es mir w\u00fcnschen.<\/p>\n\n\n\n<div class=\"wp-block-image\"><figure class=\"aligncenter size-large is-resized\"><img loading=\"lazy\" decoding=\"async\" src=\"http:\/\/marioporten.de\/wp-content\/uploads\/AdobeStock_78016976-1024x384.jpeg\" alt=\"\" class=\"wp-image-1871\" width=\"539\" height=\"202\" srcset=\"https:\/\/marioporten.de\/wp-content\/uploads\/AdobeStock_78016976-1024x384.jpeg 1024w, https:\/\/marioporten.de\/wp-content\/uploads\/AdobeStock_78016976-300x113.jpeg 300w, https:\/\/marioporten.de\/wp-content\/uploads\/AdobeStock_78016976-768x288.jpeg 768w, https:\/\/marioporten.de\/wp-content\/uploads\/AdobeStock_78016976-1536x576.jpeg 1536w, https:\/\/marioporten.de\/wp-content\/uploads\/AdobeStock_78016976-2048x768.jpeg 2048w, https:\/\/marioporten.de\/wp-content\/uploads\/AdobeStock_78016976-1200x450.jpeg 1200w\" sizes=\"auto, (max-width: 539px) 85vw, 539px\" \/><\/figure><\/div>\n\n\n\n<p>Ich muss jeden morgen Krankengymnastik f\u00fcr meinen R\u00fccken machen &#8211; der t\u00e4gliche Begleiter: das Radio und nimmt oft die meiste Zeit, der Verkehrsfunk ein. Im Hamburger Randgebiet lebe ich jetzt 20 Jahre &#8211; eine  Zeit ohne Staus rund um die Hansestadt gab es nie. Pl\u00f6tzlich geht das, kaum noch Staumeldungen &#8211; gro\u00dfartig.<\/p>\n\n\n\n<p>Nat\u00fcrlich, vieles ist Berufsverkehr und damit habe ich mich letzte Woche besch\u00e4ftigt, aber das ist nur ein Teil. Wie viel Auto brauchen wir wirklich? Ich weiss es nicht. Ich f\u00fcr meinen Teil, finde sch\u00f6n l\u00e4nger mein Auto dann am sch\u00f6nsten, wenn ich nicht darin sitzen muss. Reisen ist mir -inzwischen- eine reine Last, egal mit welchem Verkehrsmittel. Mir f\u00e4llt es daher leicht, zu Hause zu sein. Wie ist das f\u00fcr Sie? Wie wird sich das insgesamt entwickeln? Werden wir alle wieder viel mehr zu sch\u00e4tzen wissen, was wir in naher Umgebung haben. Spazierengehen und Radfahren, statt den Sonntagsausflug mit dem PKW zu machen? Ich weiss es nicht.<\/p>\n\n\n\n<p>Noch ein Gedanke passend zum Leitspruch diese Beitrages: Was fehlt Ihnen eigentlich wirklich? Ist das nicht eine spannende Frage, die wir uns alle stellen sollten? Was brauchen wir wirklich und was war eigentlich schon lange Ballast und wir haben es nur gemacht, weil wir es schon immer tun? Was haben wir noch nie gemacht, aber jetzt war pl\u00f6tzlich Zeit daf\u00fcr? Sie haben es ausprobiert und es war toll? Was hat wieder einen ganz neuen Stellenwert bekommen und sollte diesen auch behalten? Gute Gespr\u00e4che vielleicht, Spiele in der Familie, der gem\u00fctliche Videoabend, das Telefonat mit dem besten Freund?<\/p>\n\n\n\n<p>Was fehlt Ihnen wirklich &#8211; jetzt ist die Zeit, auf die innere Stimme zu h\u00f6ren und sich zu fragen: Weiter so wie vorher oder Neuanfang?<\/p>\n\n\n\n<p>Ich war Zeit meines Lebens ein vielseitig interessierter Sportfan, immer selbst aktiver Sportler, 16 Jahre Fu\u00dfballschiedsrichter, seit 40 Jahren Fan der einzig wahren Borussia am Niederrhein. Ich war bei WM-Endspielen der Eishockey-WM, bei Handballspielen und nat\u00fcrlich oft in Fu\u00dfballstadien. Noch bis vor kurzem war ich quasi jedes Wochenende als Schiedsrichterbeobachter auf irgendeinem Fu\u00dfballplatz. Sportschau war Pflichttermin am Samstagabend. Nichts davon findet gerade noch statt und -ganz ehrlich- ich vermisse auch nichts davon. Und, ich bin total dankbar f\u00fcr diese Erfahrung, die ich ohne Corona nie gemacht h\u00e4tte. Offenbar habe ich vieles nur noch gemacht, weil ich es halt immer gemacht habe &#8211; Routine nennt man das wohl.  Ich habe gerade so viel Zeit wie nie in meinem Leben &#8211; wunderbar!<\/p>\n\n\n\n<p>Welche Konsequenzen ich daraus ziehe? Wei\u00df ich noch nicht, ich suche noch &#8220;das Neue&#8221;, das ich beginnen will. Reaktiviert habe ich z.B. meine Tischtennisplatte, vor allem aber merke ich, dass ich vielmehr als vorher den Moment genie\u00dfen kann: Die Sonnenstrahlen in meinem Gesicht, das Summen der Insekten im Baum, die V\u00f6gel in meinem Garten. Mehr einfach &#8220;sein&#8221;, als immer etwas &#8220;m\u00fcssen&#8221; &#8211; und damit meine ich vor allem, das was ich mir selber meine auferlegen zu m\u00fcssen.<\/p>\n\n\n\n<p>Vielleicht geht es ja vielen Menschen gerade so? Wir &#8220;m\u00fcssen&#8221; viel weniger, als wir gemeinhin glauben, wir d\u00fcrfen viel mehr sein &#8211; gl\u00fccklich und zufrieden auch mit kleinen Dingen. Ist das eine Ver\u00e4nderung, die die Krise mit sich bringt oder kehrt &#8220;h\u00f6her, schneller, weiter und vor allem mehr&#8221; bald wieder uneingeschr\u00e4nkt zur\u00fcck?<\/p>\n\n\n\n<div class=\"wp-block-image\"><figure class=\"aligncenter size-large is-resized\"><img loading=\"lazy\" decoding=\"async\" src=\"http:\/\/marioporten.de\/wp-content\/uploads\/Gl\u00fcck-Ungl\u00fcck-1.jpg\" alt=\"\" class=\"wp-image-1869\" width=\"497\" height=\"373\" srcset=\"https:\/\/marioporten.de\/wp-content\/uploads\/Gl\u00fcck-Ungl\u00fcck-1.jpg 960w, https:\/\/marioporten.de\/wp-content\/uploads\/Gl\u00fcck-Ungl\u00fcck-1-300x225.jpg 300w, https:\/\/marioporten.de\/wp-content\/uploads\/Gl\u00fcck-Ungl\u00fcck-1-768x576.jpg 768w\" sizes=\"auto, (max-width: 497px) 85vw, 497px\" \/><\/figure><\/div>\n\n\n\n<p>Was haben Sie neu begonnen, was reaktiviert, was wollen Sie aufh\u00f6ren?<\/p>\n\n\n\n<p>Man k\u00f6nnte wohl noch viele Gedanken anf\u00fcgen, aber ich will hier enden. Diskutieren Sie mit, ich freue mich auf Ihre Meinungen.<\/p>\n\n\n\n<p>Ein sch\u00f6nes Wochenende und bleiben Sie gesund!<\/p>\n\n\n\n<div class=\"wp-block-image\"><figure class=\"aligncenter size-large is-resized\"><img loading=\"lazy\" decoding=\"async\" src=\"http:\/\/marioporten.de\/wp-content\/uploads\/AdobeStock_87669960-1024x680.jpeg\" alt=\"\" class=\"wp-image-1870\" width=\"482\" height=\"320\" srcset=\"https:\/\/marioporten.de\/wp-content\/uploads\/AdobeStock_87669960-1024x680.jpeg 1024w, https:\/\/marioporten.de\/wp-content\/uploads\/AdobeStock_87669960-300x199.jpeg 300w, https:\/\/marioporten.de\/wp-content\/uploads\/AdobeStock_87669960-768x510.jpeg 768w, https:\/\/marioporten.de\/wp-content\/uploads\/AdobeStock_87669960-1536x1020.jpeg 1536w, https:\/\/marioporten.de\/wp-content\/uploads\/AdobeStock_87669960-2048x1360.jpeg 2048w, https:\/\/marioporten.de\/wp-content\/uploads\/AdobeStock_87669960-1200x797.jpeg 1200w\" sizes=\"auto, (max-width: 482px) 85vw, 482px\" \/><\/figure><\/div>\n","protected":false},"excerpt":{"rendered":"<p>Vorab: Auch in dieser Woche m\u00f6chte ich Sie herzlich einladen mitzudiskutieren. Ihre Meinung ist gefragt! Wie letzten Samstag avisiert, m\u00f6chte ich heute ein paar Gedanken auf die Frage verwenden, wie die Corona-Krise unser aller Privatleben vielleicht ver\u00e4ndern wird. Schon letzte Woche, als ich die gleiche Fragestellung in Bezug auf die Arbeitswelt gestellt habe, hatte ich &hellip; <a href=\"https:\/\/marioporten.de\/?p=1865\" class=\"more-link\"><span class=\"screen-reader-text\">\u201eDer MP Impuls zum Wochenende\u201c <\/span>weiterlesen<\/a><\/p>\n","protected":false},"author":1,"featured_media":1866,"comment_status":"open","ping_status":"open","sticky":false,"template":"","format":"standard","meta":{"footnotes":""},"categories":[115],"tags":[182,178,183],"class_list":["post-1865","post","type-post","status-publish","format-standard","has-post-thumbnail","hentry","category-impulse","tag-coronakrise","tag-neues-beginnen","tag-zeit-fuer-veraenderung"],"_links":{"self":[{"href":"https:\/\/marioporten.de\/index.php?rest_route=\/wp\/v2\/posts\/1865","targetHints":{"allow":["GET"]}}],"collection":[{"href":"https:\/\/marioporten.de\/index.php?rest_route=\/wp\/v2\/posts"}],"about":[{"href":"https:\/\/marioporten.de\/index.php?rest_route=\/wp\/v2\/types\/post"}],"author":[{"embeddable":true,"href":"https:\/\/marioporten.de\/index.php?rest_route=\/wp\/v2\/users\/1"}],"replies":[{"embeddable":true,"href":"https:\/\/marioporten.de\/index.php?rest_route=%2Fwp%2Fv2%2Fcomments&post=1865"}],"version-history":[{"count":6,"href":"https:\/\/marioporten.de\/index.php?rest_route=\/wp\/v2\/posts\/1865\/revisions"}],"predecessor-version":[{"id":1876,"href":"https:\/\/marioporten.de\/index.php?rest_route=\/wp\/v2\/posts\/1865\/revisions\/1876"}],"wp:featuredmedia":[{"embeddable":true,"href":"https:\/\/marioporten.de\/index.php?rest_route=\/wp\/v2\/media\/1866"}],"wp:attachment":[{"href":"https:\/\/marioporten.de\/index.php?rest_route=%2Fwp%2Fv2%2Fmedia&parent=1865"}],"wp:term":[{"taxonomy":"category","embeddable":true,"href":"https:\/\/marioporten.de\/index.php?rest_route=%2Fwp%2Fv2%2Fcategories&post=1865"},{"taxonomy":"post_tag","embeddable":true,"href":"https:\/\/marioporten.de\/index.php?rest_route=%2Fwp%2Fv2%2Ftags&post=1865"}],"curies":[{"name":"wp","href":"https:\/\/api.w.org\/{rel}","templated":true}]}}