{"id":1909,"date":"2020-04-25T08:13:51","date_gmt":"2020-04-25T06:13:51","guid":{"rendered":"http:\/\/marioporten.de\/?p=1909"},"modified":"2020-04-25T08:14:01","modified_gmt":"2020-04-25T06:14:01","slug":"der-mp-impuls-zum-wochenende-13","status":"publish","type":"post","link":"https:\/\/marioporten.de\/?p=1909","title":{"rendered":"Der MP Impuls zum Wochenende"},"content":{"rendered":"\n<p>Die Gedanken sind m\u00e4chtig und &#8211; die Gedanken sind frei. Das ist wie immer im Leben Chance und Risiko zu gleich, denn wir bestimmen selbst und ganz alleine, was wir denken. Immer wieder starte ich mit meinen Teilnehmern in F\u00fchrungskr\u00e4fteausbildungen an diesem Punkt. Die Wahrheit gibt es nicht, nur meine, deine und seine &#8211; jeder konstruiert sich seine Wirklichkeit selbst durch selektive Wahrnehmungen und vor allem durch unterschiedliche Bewertungen gleicher Sachverhalte. Was f\u00fcr den einen eine Katastrophe ist, ist f\u00fcr den anderen halb so schlimm. Wo der eine gro\u00dfartige Chancen erkennt, geht der andere achtlos vorbei. Es ist daher auch nie die Tatsache selbst, die uns traurig oder gl\u00fccklich macht, sondern immer unsere ganz pers\u00f6nliche Bewertung dieser Tatsache &#8211; unsere Gedanken!<\/p>\n\n\n\n<p>&#8220;Aber wie soll ich in dieser Krise positiv denken?&#8221;, werden Sie jetzt vielleicht fragen. Gerade diese Woche sprach ich mit einem Bankvorstand: ja, es ist keine einfache Situation, war seine Botschaft. Aber er sah auch viele positive Aspekte, die Digitalisierung kam nie so schnell voran wie jetzt, die Bereitschaft der Menschen Neues auszuprobieren und anzunehmen sei gerade toll und er frage aktuell seine Mitarbeiterinnen und Mitarbeiter, welche Neuerungen der letzten Wochen sich bew\u00e4hrt haben und daher gerne beibehalten werden sollten. Und &#8211; \u00fcberragend &#8211; wo gehen wir vielleicht noch nicht weit genug, was fehlt noch, wo sollten wir uns noch mehr trauen.<\/p>\n\n\n\n<p>Ich kenne den Kollegen seit den Neunziger Jahren des letzten Jahrhunderts und sch\u00e4tze ihn sehr. Er ist ein sehr gutes Beispiel f\u00fcr den Leitspruch des heutigen Impulses. Nat\u00fcrlich wird die Bilanz 2020 nicht sch\u00f6n sein, auch er hat jeden Tag neue Entscheidungen zu treffen, f\u00fcr die es kein Muster gibt, auch er hat Einschr\u00e4nkungen und au\u00dfergew\u00f6hnliche pers\u00f6nliche Arbeitsbelastungen zu bew\u00e4ltigen. Aber, da er sowieso Denken muss, sucht er die Chancen, denkt positiv, denkt voran &#8211; die Probleme braucht man nicht weiter mit Energie und Gedanken zu f\u00fcttern, sie kommen schon von allein auf den Tisch.<\/p>\n\n\n\n<div class=\"wp-block-image\"><figure class=\"aligncenter size-large is-resized\"><img loading=\"lazy\" decoding=\"async\" src=\"http:\/\/marioporten.de\/wp-content\/uploads\/Fotolia_111594190_S.jpg\" alt=\"\" class=\"wp-image-1791\" width=\"437\" height=\"437\" srcset=\"https:\/\/marioporten.de\/wp-content\/uploads\/Fotolia_111594190_S.jpg 693w, https:\/\/marioporten.de\/wp-content\/uploads\/Fotolia_111594190_S-300x300.jpg 300w, https:\/\/marioporten.de\/wp-content\/uploads\/Fotolia_111594190_S-150x150.jpg 150w\" sizes=\"auto, (max-width: 437px) 85vw, 437px\" \/><\/figure><\/div>\n\n\n\n<p>Also mein Appell an Sie f\u00fcr dieses Wochenende, versuchen Sie es auch!<\/p>\n\n\n\n<p>Sie haben viele Kunden verloren? Besser ist die Frage, wer hat Ihnen die Treue gehalten und wem kann dieser Kunde Sie weiterempfehlen?<\/p>\n\n\n\n<p>Sie sind einsam und leiden unter den Kontaktbeschr\u00e4nkungen? Besser als die Frage, wer Ihnen fehlt, ist die Frage, wer war und ist auch in dieser Krise f\u00fcr Sie da? Auf wen k\u00f6nnen Sie sich verlassen? Wer hat Ihnen vielleicht sogar aktiv und uneigenn\u00fctzig Hilfe und Unterst\u00fctzung angeboten? Und f\u00fcr wen sollten Sie da sein?<\/p>\n\n\n\n<p>Es wird nie wieder so sein, wie es vor der Krise war? Wem n\u00fctzt dieses &#8220;Weltuntergangsszenario&#8221;? Vielleicht wird es ja viel besser sein, als es vor der Krise war! Was ist denn f\u00fcr Sie gerade viel besser? <\/p>\n\n\n\n<p>Damit genug, denn ich hoffe, Sie haben erkannt, dass Sie es selbst in der Hand haben, Ihr Denken in eine Richtung zu lenken, die Kraft und Energie vermittelt und die dazu f\u00fchrt, dass Sie sich viel besser f\u00fchlen, als wenn Sie sich immer weiter in die Problemtrance hineinbegeben. Positives Denken aktiviert unsere Kompetenzen und \u00f6ffnet den Blick f\u00fcr L\u00f6sungen, es aktiviert uns und setzt neue Energien frei &#8211; wir f\u00fchlen uns besser! Probieren Sie es aus! <\/p>\n\n\n\n<div class=\"wp-block-image\"><figure class=\"aligncenter size-large is-resized\"><img loading=\"lazy\" decoding=\"async\" src=\"http:\/\/marioporten.de\/wp-content\/uploads\/Fotolia_33698219_XS-2.jpg\" alt=\"\" class=\"wp-image-1737\" width=\"256\" height=\"142\" srcset=\"https:\/\/marioporten.de\/wp-content\/uploads\/Fotolia_33698219_XS-2.jpg 466w, https:\/\/marioporten.de\/wp-content\/uploads\/Fotolia_33698219_XS-2-300x166.jpg 300w\" sizes=\"auto, (max-width: 256px) 85vw, 256px\" \/><\/figure><\/div>\n\n\n\n<p>Ein sch\u00f6nes Wochenende!<\/p>\n","protected":false},"excerpt":{"rendered":"<p>Die Gedanken sind m\u00e4chtig und &#8211; die Gedanken sind frei. Das ist wie immer im Leben Chance und Risiko zu gleich, denn wir bestimmen selbst und ganz alleine, was wir denken. Immer wieder starte ich mit meinen Teilnehmern in F\u00fchrungskr\u00e4fteausbildungen an diesem Punkt. Die Wahrheit gibt es nicht, nur meine, deine und seine &#8211; jeder &hellip; <a href=\"https:\/\/marioporten.de\/?p=1909\" class=\"more-link\"><span class=\"screen-reader-text\">\u201eDer MP Impuls zum Wochenende\u201c <\/span>weiterlesen<\/a><\/p>\n","protected":false},"author":1,"featured_media":1910,"comment_status":"open","ping_status":"open","sticky":false,"template":"","format":"standard","meta":{"footnotes":""},"categories":[115],"tags":[197,159,195,160],"class_list":["post-1909","post","type-post","status-publish","format-standard","has-post-thumbnail","hentry","category-impulse","tag-konstruktivismus","tag-krise-als-chance","tag-macht-der-gedanken","tag-positiv-denken"],"_links":{"self":[{"href":"https:\/\/marioporten.de\/index.php?rest_route=\/wp\/v2\/posts\/1909","targetHints":{"allow":["GET"]}}],"collection":[{"href":"https:\/\/marioporten.de\/index.php?rest_route=\/wp\/v2\/posts"}],"about":[{"href":"https:\/\/marioporten.de\/index.php?rest_route=\/wp\/v2\/types\/post"}],"author":[{"embeddable":true,"href":"https:\/\/marioporten.de\/index.php?rest_route=\/wp\/v2\/users\/1"}],"replies":[{"embeddable":true,"href":"https:\/\/marioporten.de\/index.php?rest_route=%2Fwp%2Fv2%2Fcomments&post=1909"}],"version-history":[{"count":2,"href":"https:\/\/marioporten.de\/index.php?rest_route=\/wp\/v2\/posts\/1909\/revisions"}],"predecessor-version":[{"id":1912,"href":"https:\/\/marioporten.de\/index.php?rest_route=\/wp\/v2\/posts\/1909\/revisions\/1912"}],"wp:featuredmedia":[{"embeddable":true,"href":"https:\/\/marioporten.de\/index.php?rest_route=\/wp\/v2\/media\/1910"}],"wp:attachment":[{"href":"https:\/\/marioporten.de\/index.php?rest_route=%2Fwp%2Fv2%2Fmedia&parent=1909"}],"wp:term":[{"taxonomy":"category","embeddable":true,"href":"https:\/\/marioporten.de\/index.php?rest_route=%2Fwp%2Fv2%2Fcategories&post=1909"},{"taxonomy":"post_tag","embeddable":true,"href":"https:\/\/marioporten.de\/index.php?rest_route=%2Fwp%2Fv2%2Ftags&post=1909"}],"curies":[{"name":"wp","href":"https:\/\/api.w.org\/{rel}","templated":true}]}}