{"id":2025,"date":"2020-05-30T07:28:16","date_gmt":"2020-05-30T05:28:16","guid":{"rendered":"http:\/\/marioporten.de\/?p=2025"},"modified":"2020-05-30T07:28:18","modified_gmt":"2020-05-30T05:28:18","slug":"der-mp-impuls-zum-wochenende-18","status":"publish","type":"post","link":"https:\/\/marioporten.de\/?p=2025","title":{"rendered":"Der MP Impuls zum Wochenende"},"content":{"rendered":"\n<p>F\u00fcr den heutigen Impuls greife ich auf eine aktuelle Umfrage zur\u00fcck, die das Institut f\u00fcr Besch\u00e4ftigung und Employability (IBE) unter rund 400 F\u00fchrungskr\u00e4ften durchgef\u00fchrt hat. Demnach haben 74% der Befragten Angst, ihr Unternehmen k\u00f6nnte durch die Corona-Krise \u00fcber kurz oder lang in Konkurs geraten. Damit ist sofort klar, dass momentan sehr viel Angst und Verunsicherung unter F\u00fchrungskr\u00e4ften in Unternehmen herrscht.<\/p>\n\n\n\n<p>\u00dcber 90% der Befragten halten Staatshilfen in unterschiedlicher Form inkl. einer m\u00f6glichst einfachen Antragstellung f\u00fcr geeignet, Insolvenzen abzuwenden.<\/p>\n\n\n\n<p>Auch der Blick auf das, was das Unternehmen selbst tun kann, ist durchaus vorhanden. Etwa 90% der Befragten halten strategische Partnerschaften mit anderen Unternehmen oder Kunden f\u00fcr ein geeignetes Hilfsmittel, die Krise abzuwenden.<\/p>\n\n\n\n<p>76% der Befragten sind schlie\u00dflich der Meinung, dass neue Arbeitsmodelle und -organisationen entstehen werden, die auch nach Corona Bestand haben werden. Dabei gehen fast alle Befragten davon aus, dass dazu insbesondere virtuelle Kommunikationsplattformen und flexiblere Arbeitszeitmodelle geh\u00f6ren werden.<\/p>\n\n\n\n<p>Soweit &#8211; so gut!<\/p>\n\n\n\n<p>Ich teile all das, na ja vielleicht fast, denn es verwundert schon, wie dynamisch viele Unternehmen gerade nach dem Staat rufen, die vor wenigen Wochen noch prim\u00e4r postuliert haben, der Staat solle sich doch aus der Wirtschaft m\u00f6glichst raushalten. Aber das ist ein anderes Thema.<\/p>\n\n\n\n<p>Mich besch\u00e4ftigt viel mehr eine Frage, die sich aktuell in vielen Befragungen immer wieder zeigt: Wir bewegen und sehr stark auf der organisatorisch technischen Ebene, wenn wir \u00fcber die Frage diskutieren, was Corona auch langfristig ver\u00e4ndern wird. Das mag angesichts der Geschwindigkeit, mit der wir in den vergangenen Monaten Ver\u00e4nderungen in diesem Bereich erlebt haben, nachvollziehbar sein. Und dennoch bin ich \u00fcberzeugt, dass Technik und Organisation, virtuelle Plattformen und Arbeitszeitmodelle, nur notwendige aber niemals hinreichende Bedingungen sind, um zuk\u00fcnftig erfolgreich zu sein.<\/p>\n\n\n\n<p>Vielleicht hat die zitierte Studie nicht danach gefragt, aber ich vermisse die Frage, was kann jede einzelne F\u00fchrungskraft selbst daf\u00fcr tun, die Krise zu bew\u00e4ltigen? Wie muss <strong>ich<\/strong> selbst mich ver\u00e4ndern? Was muss <strong>ich<\/strong> lernen, um unter neuen Rahmenbedingungen auch zuk\u00fcnftig erfolgreich und vor allem zufrieden zu sein? Was kann <strong>ich <\/strong>tun, meine Mitarbeiter und Mitarbeiterinnen erfolgreich in die Zukunft mitzunehmen und &#8211; idealer Weise &#8211; an der Gestaltung dieser gemeinsamen Zukunft zu beteiligen? Wie sieht <strong>mein<\/strong> ganz pers\u00f6nliches Szenario der erfolgreichen Zukunft aus?<\/p>\n\n\n\n<div class=\"wp-block-image\"><figure class=\"aligncenter size-large is-resized\"><img loading=\"lazy\" decoding=\"async\" src=\"http:\/\/marioporten.de\/wp-content\/uploads\/AdobeStock_135282078-2-1024x384.jpeg\" alt=\"\" class=\"wp-image-2031\" width=\"492\" height=\"184\" srcset=\"https:\/\/marioporten.de\/wp-content\/uploads\/AdobeStock_135282078-2-1024x384.jpeg 1024w, https:\/\/marioporten.de\/wp-content\/uploads\/AdobeStock_135282078-2-300x112.jpeg 300w, https:\/\/marioporten.de\/wp-content\/uploads\/AdobeStock_135282078-2-768x288.jpeg 768w, https:\/\/marioporten.de\/wp-content\/uploads\/AdobeStock_135282078-2-1536x576.jpeg 1536w, https:\/\/marioporten.de\/wp-content\/uploads\/AdobeStock_135282078-2-2048x768.jpeg 2048w, https:\/\/marioporten.de\/wp-content\/uploads\/AdobeStock_135282078-2-1200x450.jpeg 1200w\" sizes=\"auto, (max-width: 492px) 85vw, 492px\" \/><\/figure><\/div>\n\n\n\n<p>Ich hoffe, Sie verstehen, was ich meine, denn dies soll ja nur ein Impuls sein:<\/p>\n\n\n\n<p>Was k\u00f6nnen <strong>Sie <\/strong>tun, was wollen <strong>Sie<\/strong> tun, was werden <strong>Sie<\/strong> tun, um die Krise zu bew\u00e4ltigen und danach in einer neuen ver\u00e4nderten Arbeitswelt positiv durchzustarten? Das ist die Frage, die ich \u00fcberall vermisse &#8211; was ist der Beitrag, den jeder einzelne im Unternehmen leisten kann und leisten will?!<\/p>\n\n\n\n<p>Wenn wir alle diese Frage nicht stellen, dann warten wir &#8211; auf den Staat, auf das Unternehmen (wer auch immer das ist?), auf wen auch immer. Warten aber ist eine passive Position, die uns eher ein Gef\u00fchl des Ausgeliefertseins und der Hilflosigkeit vermittelt. Ich kenne niemanden, f\u00fcr den das eine angenehme Position ist. Wir brauchen Aktivit\u00e4t und Gestaltungsm\u00f6glichkeit und davon gibt es gerade genug!<\/p>\n\n\n\n<p>Es sind immer die einzelnen Menschen, die den Unterschied machen &#8211; fangen Sie an!<\/p>\n\n\n\n<div class=\"wp-block-image\"><figure class=\"aligncenter size-large is-resized\"><img loading=\"lazy\" decoding=\"async\" src=\"http:\/\/marioporten.de\/wp-content\/uploads\/AdobeStock_110598898-1024x683.jpeg\" alt=\"\" class=\"wp-image-2029\" width=\"534\" height=\"356\" srcset=\"https:\/\/marioporten.de\/wp-content\/uploads\/AdobeStock_110598898-1024x683.jpeg 1024w, https:\/\/marioporten.de\/wp-content\/uploads\/AdobeStock_110598898-300x200.jpeg 300w, https:\/\/marioporten.de\/wp-content\/uploads\/AdobeStock_110598898-768x512.jpeg 768w, https:\/\/marioporten.de\/wp-content\/uploads\/AdobeStock_110598898-1536x1024.jpeg 1536w, https:\/\/marioporten.de\/wp-content\/uploads\/AdobeStock_110598898-2048x1365.jpeg 2048w, https:\/\/marioporten.de\/wp-content\/uploads\/AdobeStock_110598898-1200x800.jpeg 1200w\" sizes=\"auto, (max-width: 534px) 85vw, 534px\" \/><\/figure><\/div>\n\n\n\n<p>Ich w\u00fcnsche Ihnen ein sch\u00f6nes Pfingstwochenende!<\/p>\n","protected":false},"excerpt":{"rendered":"<p>F\u00fcr den heutigen Impuls greife ich auf eine aktuelle Umfrage zur\u00fcck, die das Institut f\u00fcr Besch\u00e4ftigung und Employability (IBE) unter rund 400 F\u00fchrungskr\u00e4ften durchgef\u00fchrt hat. Demnach haben 74% der Befragten Angst, ihr Unternehmen k\u00f6nnte durch die Corona-Krise \u00fcber kurz oder lang in Konkurs geraten. Damit ist sofort klar, dass momentan sehr viel Angst und Verunsicherung &hellip; <a href=\"https:\/\/marioporten.de\/?p=2025\" class=\"more-link\"><span class=\"screen-reader-text\">\u201eDer MP Impuls zum Wochenende\u201c <\/span>weiterlesen<\/a><\/p>\n","protected":false},"author":1,"featured_media":2026,"comment_status":"open","ping_status":"open","sticky":false,"template":"","format":"standard","meta":{"footnotes":""},"categories":[115],"tags":[241,240,144,242],"class_list":["post-2025","post","type-post","status-publish","format-standard","has-post-thumbnail","hentry","category-impulse","tag-an-mir-selbst-arbeiten","tag-eigener-beitrag","tag-selbstfuehrung","tag-vorbildfunktion"],"_links":{"self":[{"href":"https:\/\/marioporten.de\/index.php?rest_route=\/wp\/v2\/posts\/2025","targetHints":{"allow":["GET"]}}],"collection":[{"href":"https:\/\/marioporten.de\/index.php?rest_route=\/wp\/v2\/posts"}],"about":[{"href":"https:\/\/marioporten.de\/index.php?rest_route=\/wp\/v2\/types\/post"}],"author":[{"embeddable":true,"href":"https:\/\/marioporten.de\/index.php?rest_route=\/wp\/v2\/users\/1"}],"replies":[{"embeddable":true,"href":"https:\/\/marioporten.de\/index.php?rest_route=%2Fwp%2Fv2%2Fcomments&post=2025"}],"version-history":[{"count":7,"href":"https:\/\/marioporten.de\/index.php?rest_route=\/wp\/v2\/posts\/2025\/revisions"}],"predecessor-version":[{"id":2036,"href":"https:\/\/marioporten.de\/index.php?rest_route=\/wp\/v2\/posts\/2025\/revisions\/2036"}],"wp:featuredmedia":[{"embeddable":true,"href":"https:\/\/marioporten.de\/index.php?rest_route=\/wp\/v2\/media\/2026"}],"wp:attachment":[{"href":"https:\/\/marioporten.de\/index.php?rest_route=%2Fwp%2Fv2%2Fmedia&parent=2025"}],"wp:term":[{"taxonomy":"category","embeddable":true,"href":"https:\/\/marioporten.de\/index.php?rest_route=%2Fwp%2Fv2%2Fcategories&post=2025"},{"taxonomy":"post_tag","embeddable":true,"href":"https:\/\/marioporten.de\/index.php?rest_route=%2Fwp%2Fv2%2Ftags&post=2025"}],"curies":[{"name":"wp","href":"https:\/\/api.w.org\/{rel}","templated":true}]}}