{"id":2074,"date":"2020-06-01T19:11:40","date_gmt":"2020-06-01T17:11:40","guid":{"rendered":"http:\/\/marioporten.de\/?p=2074"},"modified":"2020-06-02T08:47:14","modified_gmt":"2020-06-02T06:47:14","slug":"momentaufnahme-zur-corona-krise","status":"publish","type":"post","link":"https:\/\/marioporten.de\/?p=2074","title":{"rendered":"Die Ergebnisse unserer Momentaufnahme zur Corona-Krise"},"content":{"rendered":"\n<p>Die Ergebnisse unserer Momentaufnahme zu den Auswirkungen der Corona-Krise in den Unternehmen, die meine Kollegin Kristin Scheerhorn und ich in der ersten Maih\u00e4lfte durchgef\u00fchrt haben, liegen inzwischen vor.<\/p>\n\n\n\n<p>Ich <strong>bedanke mich sehr herzlich<\/strong> bei allen, die sich an unserer Umfrage beteiligt haben!<\/p>\n\n\n\n<p>Die Ergebnisse zeigen, viele haben die Herausforderungen angepackt und sehr schnell neue Arbeitsformen in die Praxis umgesetzt. Das ist beeindruckend.<\/p>\n\n\n\n<p>Es zeigt sich aber auch, dass viele Unternehmen noch auf der Ebene von Technik und Rechtsvorschriften unterwegs sind und die Ebene des eigenen Verhaltes noch nicht nachhaltig erreicht ist. Das verwundert angesichts des Tempos der Neuerungen nicht, zeigt aber auch, dass noch einiges zu tun ist, bis aus den schnellen Neuerungen langfristige positive Ver\u00e4nderungen zum Wohle aller Beteiligten geworden sind. Daf\u00fcr gibt es jedenfalls hohe Erwartungen, wie unsere Studie zeigt.<\/p>\n\n\n\n<p>Wenn Sie Interesse an den Befragungsergebnissen haben, k\u00f6nnen Sie diese gerne von mir bekommen.<\/p>\n\n\n\n<p>Schreiben Sie mir einfach eine Mail an: post@marioporten.de<\/p>\n\n\n\n<p><strong><span class=\"has-inline-color has-bright-red-color\">Unser kostenloser Service f\u00fcr Sie: Checkliste zur Standortbestimmung &#8211; wo stehen Sie und Ihr Unternehmen gerade?<\/span><\/strong><\/p>\n\n\n\n<p>Die Checkliste k\u00f6nnen Sie ebenfalls unverbindlich bei mir per Mail anfordern.<\/p>\n\n\n\n<p>Vielleicht m\u00f6chten Sie auch mit mir \u00fcber Ihre ganz pers\u00f6nlichen Erfahrungen diskutieren oder sich einfach mal mit jemandem austauschen?<\/p>\n\n\n\n<p>Auch dar\u00fcber freue ich mich sehr!<\/p>\n\n\n\n<div class=\"wp-block-image\"><figure class=\"aligncenter size-large is-resized\"><img loading=\"lazy\" decoding=\"async\" src=\"http:\/\/marioporten.de\/wp-content\/uploads\/AdobeStock_122040967-1024x431.jpeg\" alt=\"\" class=\"wp-image-2075\" width=\"453\" height=\"191\" srcset=\"https:\/\/marioporten.de\/wp-content\/uploads\/AdobeStock_122040967-1024x431.jpeg 1024w, https:\/\/marioporten.de\/wp-content\/uploads\/AdobeStock_122040967-300x126.jpeg 300w, https:\/\/marioporten.de\/wp-content\/uploads\/AdobeStock_122040967-768x323.jpeg 768w, https:\/\/marioporten.de\/wp-content\/uploads\/AdobeStock_122040967-1536x646.jpeg 1536w, https:\/\/marioporten.de\/wp-content\/uploads\/AdobeStock_122040967-2048x861.jpeg 2048w, https:\/\/marioporten.de\/wp-content\/uploads\/AdobeStock_122040967-1200x505.jpeg 1200w\" sizes=\"auto, (max-width: 453px) 85vw, 453px\" \/><\/figure><\/div>\n","protected":false},"excerpt":{"rendered":"<p>Die Ergebnisse unserer Momentaufnahme zu den Auswirkungen der Corona-Krise in den Unternehmen, die meine Kollegin Kristin Scheerhorn und ich in der ersten Maih\u00e4lfte durchgef\u00fchrt haben, liegen inzwischen vor. Ich bedanke mich sehr herzlich bei allen, die sich an unserer Umfrage beteiligt haben! Die Ergebnisse zeigen, viele haben die Herausforderungen angepackt und sehr schnell neue Arbeitsformen &hellip; <a href=\"https:\/\/marioporten.de\/?p=2074\" class=\"more-link\"><span class=\"screen-reader-text\">\u201eDie Ergebnisse unserer Momentaufnahme zur Corona-Krise\u201c <\/span>weiterlesen<\/a><\/p>\n","protected":false},"author":1,"featured_media":918,"comment_status":"open","ping_status":"open","sticky":false,"template":"","format":"standard","meta":{"footnotes":""},"categories":[6],"tags":[263,262,261],"class_list":["post-2074","post","type-post","status-publish","format-standard","has-post-thumbnail","hentry","category-aktuelles","tag-danke-fuers-mitmachen","tag-ergebnisse-der-momentaufnahme","tag-umfrage-zur-corona-krise"],"_links":{"self":[{"href":"https:\/\/marioporten.de\/index.php?rest_route=\/wp\/v2\/posts\/2074","targetHints":{"allow":["GET"]}}],"collection":[{"href":"https:\/\/marioporten.de\/index.php?rest_route=\/wp\/v2\/posts"}],"about":[{"href":"https:\/\/marioporten.de\/index.php?rest_route=\/wp\/v2\/types\/post"}],"author":[{"embeddable":true,"href":"https:\/\/marioporten.de\/index.php?rest_route=\/wp\/v2\/users\/1"}],"replies":[{"embeddable":true,"href":"https:\/\/marioporten.de\/index.php?rest_route=%2Fwp%2Fv2%2Fcomments&post=2074"}],"version-history":[{"count":3,"href":"https:\/\/marioporten.de\/index.php?rest_route=\/wp\/v2\/posts\/2074\/revisions"}],"predecessor-version":[{"id":2079,"href":"https:\/\/marioporten.de\/index.php?rest_route=\/wp\/v2\/posts\/2074\/revisions\/2079"}],"wp:featuredmedia":[{"embeddable":true,"href":"https:\/\/marioporten.de\/index.php?rest_route=\/wp\/v2\/media\/918"}],"wp:attachment":[{"href":"https:\/\/marioporten.de\/index.php?rest_route=%2Fwp%2Fv2%2Fmedia&parent=2074"}],"wp:term":[{"taxonomy":"category","embeddable":true,"href":"https:\/\/marioporten.de\/index.php?rest_route=%2Fwp%2Fv2%2Fcategories&post=2074"},{"taxonomy":"post_tag","embeddable":true,"href":"https:\/\/marioporten.de\/index.php?rest_route=%2Fwp%2Fv2%2Ftags&post=2074"}],"curies":[{"name":"wp","href":"https:\/\/api.w.org\/{rel}","templated":true}]}}