{"id":2251,"date":"2020-08-15T06:51:01","date_gmt":"2020-08-15T04:51:01","guid":{"rendered":"http:\/\/marioporten.de\/?p=2251"},"modified":"2020-08-15T06:51:03","modified_gmt":"2020-08-15T04:51:03","slug":"der-mp-impuls-zum-wochenende-29","status":"publish","type":"post","link":"https:\/\/marioporten.de\/?p=2251","title":{"rendered":"Der MP Impuls zum Wochenende"},"content":{"rendered":"\n<p>\u00dcber kaum etwas wird so viel diskutiert wie \u00fcber Gl\u00fcck. Auch im Berufsleben scheint Gl\u00fcck eine Rolle zu spielen und wahrscheinlich ist dem zumindest teilweise auch so. Jedenfalls ist das oft die Wahrnehmung vieler Menschen, gerade wenn es z.B. um Personalentscheidungen geht.<\/p>\n\n\n\n<p>&#8220;Ich h\u00e4tte auch gerne mal Gl\u00fcck, wenn es um Bef\u00f6rderungen geht&#8221;, sagte mein Klient k\u00fcrzlich zu mir. Auf Nachfrage erg\u00e4nzte er: &#8220;F\u00fcr die neue Projektleiterstelle wurde mein Kollege Tom ausgew\u00e4hlt, obwohl&#8230;.&#8221;, den Rest ersparen wir uns, denn was mein Klient noch ausf\u00fchrte war eine Mischung aus Entt\u00e4uschung und &#8211; Verzeihung &#8211; Selbstmitleid. Das Ganze war kombiniert mit seiner h\u00f6chst subjektiven Bewertung von Tom und dem noch subjektiveren Vergleich mit sich selbst, in dem er nat\u00fcrlich der deutliche Bessere war.<\/p>\n\n\n\n<p>Das kann ich alles verstehen und bevor jemand hier auf falsche Gedanken kommt, ich habe meinem Klienten auch viel Zuspruch zu Teil werden lassen. Aber daf\u00fcr allein bezahlt er mich  nicht und so begann danach die Phase der Aufarbeitung.<\/p>\n\n\n\n<p>Die letzte Fortbildung hatte mein Klient ausgelassen. Die letzte Managementpr\u00e4sentation? Er war leider krank und Sie ahnen, wer die Pr\u00e4sentation gehalten hat. Der letzte Netzwerkabend, auf dem traditionell Kontakte gekn\u00fcpft und gepflegt werden &#8211; leider ohne ihn, private Verpflichtungen. So machten wir noch eine Weile weiter.<\/p>\n\n\n\n<div class=\"wp-block-image\"><figure class=\"aligncenter size-large is-resized\"><img loading=\"lazy\" decoding=\"async\" src=\"http:\/\/marioporten.de\/wp-content\/uploads\/AdobeStock_159313404-1024x678.jpeg\" alt=\"\" class=\"wp-image-2258\" width=\"508\" height=\"336\" srcset=\"https:\/\/marioporten.de\/wp-content\/uploads\/AdobeStock_159313404-1024x678.jpeg 1024w, https:\/\/marioporten.de\/wp-content\/uploads\/AdobeStock_159313404-300x199.jpeg 300w, https:\/\/marioporten.de\/wp-content\/uploads\/AdobeStock_159313404-768x509.jpeg 768w, https:\/\/marioporten.de\/wp-content\/uploads\/AdobeStock_159313404-1536x1017.jpeg 1536w, https:\/\/marioporten.de\/wp-content\/uploads\/AdobeStock_159313404-2048x1356.jpeg 2048w, https:\/\/marioporten.de\/wp-content\/uploads\/AdobeStock_159313404-1200x795.jpeg 1200w\" sizes=\"auto, (max-width: 508px) 85vw, 508px\" \/><\/figure><\/div>\n\n\n\n<p>Nach einer der Ausf\u00fchrungen meines Klienten schwieg ich dann einfach und er auch. Schlie\u00dflich  fragte ich ihn: &#8220;Wenn Du in Zukunft mehr Gl\u00fcck haben m\u00f6chtest, wie k\u00f6nntest Du dem Gl\u00fcck signalisieren, dass es dringend mal wieder bei Dir vorbeischauen sollte?&#8221;<\/p>\n\n\n\n<p>Es geht gar nicht darum, dass es nicht f\u00fcr jede einzelne Entscheidung meines Klienten gute Gr\u00fcnde gegeben h\u00e4tte. Teilweise war er sogar wichtigen Verpflichtungen nachgekommen, aber er erkannte auch schnell selbst, dass er in letzter Zeit nicht gerade das Bild hinterlassen hatte, dass f\u00fcr die Entscheider  zwangsl\u00e4ufig zu der Erkenntnis, dass nur er der richtige Projektleiter w\u00e4re, f\u00fchren musste. &#8220;Scheint, als h\u00e4tte ich mein Gl\u00fcck etwas im Stich gelassen und nicht umgekehrt&#8221;, sagte er schlie\u00dflich. Das lie\u00df ich dann mal unkommentiert.<\/p>\n\n\n\n<p>Es ist fast egal, wen Sie fragen, alle erfolgreichen Menschen werden Ihnen sagen, Gl\u00fcck geh\u00f6rt zum Erfolg immer dazu.  Dann folgt jedoch stets ein ABER, denn es ist niemals Gl\u00fcck allein, das uns erfolgreich macht. Wir k\u00f6nnen und m\u00fcssen auch etwas f\u00fcr unser Gl\u00fcck tun.<\/p>\n\n\n\n<p>Nun Sie &#8211; haben Sie in letzter Zeit alles getan, damit Sie auch Gl\u00fcck haben k\u00f6nnen? Beruflich oder privat? Sie haben ja ein ganzes Wochenende Zeit, dar\u00fcber nachzudenken.<\/p>\n\n\n\n<p>Ich w\u00fcnsche Ihnen gute Gedanken und ein wundervolles Wochenende!<\/p>\n\n\n\n<div class=\"wp-block-image\"><figure class=\"aligncenter size-large is-resized\"><img loading=\"lazy\" decoding=\"async\" src=\"http:\/\/marioporten.de\/wp-content\/uploads\/Kleeblatt.jpg\" alt=\"\" class=\"wp-image-2227\" width=\"431\" height=\"420\" srcset=\"https:\/\/marioporten.de\/wp-content\/uploads\/Kleeblatt.jpg 568w, https:\/\/marioporten.de\/wp-content\/uploads\/Kleeblatt-300x293.jpg 300w\" sizes=\"auto, (max-width: 431px) 85vw, 431px\" \/><\/figure><\/div>\n","protected":false},"excerpt":{"rendered":"<p>\u00dcber kaum etwas wird so viel diskutiert wie \u00fcber Gl\u00fcck. Auch im Berufsleben scheint Gl\u00fcck eine Rolle zu spielen und wahrscheinlich ist dem zumindest teilweise auch so. Jedenfalls ist das oft die Wahrnehmung vieler Menschen, gerade wenn es z.B. um Personalentscheidungen geht. &#8220;Ich h\u00e4tte auch gerne mal Gl\u00fcck, wenn es um Bef\u00f6rderungen geht&#8221;, sagte mein &hellip; <a href=\"https:\/\/marioporten.de\/?p=2251\" class=\"more-link\"><span class=\"screen-reader-text\">\u201eDer MP Impuls zum Wochenende\u201c <\/span>weiterlesen<\/a><\/p>\n","protected":false},"author":1,"featured_media":2252,"comment_status":"open","ping_status":"open","sticky":false,"template":"","format":"standard","meta":{"footnotes":""},"categories":[115],"tags":[346,350,349,347],"class_list":["post-2251","post","type-post","status-publish","format-standard","has-post-thumbnail","hentry","category-impulse","tag-glueck-2","tag-esselbstinderhandhaben","tag-fuerdasglueckarbeiten","tag-glueck-haben"],"_links":{"self":[{"href":"https:\/\/marioporten.de\/index.php?rest_route=\/wp\/v2\/posts\/2251","targetHints":{"allow":["GET"]}}],"collection":[{"href":"https:\/\/marioporten.de\/index.php?rest_route=\/wp\/v2\/posts"}],"about":[{"href":"https:\/\/marioporten.de\/index.php?rest_route=\/wp\/v2\/types\/post"}],"author":[{"embeddable":true,"href":"https:\/\/marioporten.de\/index.php?rest_route=\/wp\/v2\/users\/1"}],"replies":[{"embeddable":true,"href":"https:\/\/marioporten.de\/index.php?rest_route=%2Fwp%2Fv2%2Fcomments&post=2251"}],"version-history":[{"count":5,"href":"https:\/\/marioporten.de\/index.php?rest_route=\/wp\/v2\/posts\/2251\/revisions"}],"predecessor-version":[{"id":2259,"href":"https:\/\/marioporten.de\/index.php?rest_route=\/wp\/v2\/posts\/2251\/revisions\/2259"}],"wp:featuredmedia":[{"embeddable":true,"href":"https:\/\/marioporten.de\/index.php?rest_route=\/wp\/v2\/media\/2252"}],"wp:attachment":[{"href":"https:\/\/marioporten.de\/index.php?rest_route=%2Fwp%2Fv2%2Fmedia&parent=2251"}],"wp:term":[{"taxonomy":"category","embeddable":true,"href":"https:\/\/marioporten.de\/index.php?rest_route=%2Fwp%2Fv2%2Fcategories&post=2251"},{"taxonomy":"post_tag","embeddable":true,"href":"https:\/\/marioporten.de\/index.php?rest_route=%2Fwp%2Fv2%2Ftags&post=2251"}],"curies":[{"name":"wp","href":"https:\/\/api.w.org\/{rel}","templated":true}]}}