{"id":2278,"date":"2020-09-05T06:51:44","date_gmt":"2020-09-05T04:51:44","guid":{"rendered":"http:\/\/marioporten.de\/?p=2278"},"modified":"2020-09-05T06:51:46","modified_gmt":"2020-09-05T04:51:46","slug":"der-mp-impuls-zum-wochenende-32","status":"publish","type":"post","link":"https:\/\/marioporten.de\/?p=2278","title":{"rendered":"Der MP Impuls zum Wochenende"},"content":{"rendered":"\n<p>Ich bin sicher, Sie sind auch schon mal mit diesem Spruch auf den Lippen aus dem Haus gegangen: &#8220;Die Pflicht ruft!&#8221;<\/p>\n\n\n\n<p>Meist sagen wir das halb scherzhaft. Halb? Genau &#8211; halb scherzhaft! <\/p>\n\n\n\n<p>Wie ich das meine? An einem Tag ist es vielleicht wirklich so eine Redensart, sie geht uns locker \u00fcber die Lippen, wir sind gut drauf und gehen gerne zur &#8220;Pflicht&#8221;, welche  auch immer gerade ist, Beruf, Ehrenamt, Elternversammlung, etc. An Tagen wie diesen ist alles gut.<\/p>\n\n\n\n<p>Meine Erfahrung ist jedoch, es gibt auch die anderen Tage, die Tage, an denen es wirklich nur das Pflichtgef\u00fchl ist, dass uns treibt. Oder noch schlimmer, es ist die empfundene Verpflichtung, die uns das tun l\u00e4sst, was wir gerade tun: Ich muss doch Geld verdienen, ich muss doch den Anspr\u00fcchen der anderen gerecht werden, das Projekt muss doch fertig werden,&#8230; und so k\u00f6nnte ich noch eine Weile weitermachen. An solchen Tagen hat der Spruch &#8220;die Pflicht ruft&#8221; nichts leichtes mehr an sich, er wird f\u00fcr viele Menschen oft zu einem zentnerschweren Gewicht, welches auf ihren Schultern lastet. Und eines berichten meine Coachingnehmer immer wieder: Beginnt ein Satz mit &#8220;ich muss&#8221;, kommt selten etwas Gutes dabei heraus, fehlt der Spa\u00df, sind die Ergebnisse oft unbefriedigend, passieren viele Fehler, es fehlt an Lebensfreude.<\/p>\n\n\n\n<p>Deshalb steckt in dem Titelspruch viel mehr drin, als man auf den ersten Blick glaubt. Die Pflichten werden n\u00e4mlich meist dann zu viel, wenn keine oder zu wenig Zeit f\u00fcr die Dinge \u00fcbrig bleibt, die man nur f\u00fcr sich tut: ich nenne das ICH-ZEIT!<\/p>\n\n\n\n<div class=\"wp-block-image\"><figure class=\"aligncenter size-large\"><img loading=\"lazy\" decoding=\"async\" width=\"300\" height=\"400\" src=\"http:\/\/marioporten.de\/wp-content\/uploads\/Fotolia_6949658_XS.jpg\" alt=\"\" class=\"wp-image-2302\" srcset=\"https:\/\/marioporten.de\/wp-content\/uploads\/Fotolia_6949658_XS.jpg 300w, https:\/\/marioporten.de\/wp-content\/uploads\/Fotolia_6949658_XS-225x300.jpg 225w\" sizes=\"auto, (max-width: 300px) 85vw, 300px\" \/><\/figure><\/div>\n\n\n\n<p>Vielen meiner Coachingnehmer, die ja oft gerade deshalb den Weg zu mir finden, weil sie sich in einer f\u00fcr sie schwierigen und als \u00dcberlastung empfundenen Situation befinden, k\u00f6nnen die Frage nach ihrer Ich-Zeit spontan gar nicht beantworten. &#8220;Ich-Zeit? Was ist das?&#8221; Ok, dann machen wir uns gemeinsam auf die Suche!<\/p>\n\n\n\n<p>Was tun Sie nur f\u00fcr sich? Und Achtung &#8211; seien Sie ehrlich zu sich selbst. Ich h\u00f6re hier oft den Klassiker: &#8220;Ich spiele mit meinen Kindern.&#8221; (habe ich fr\u00fcher, als meine Kinder noch klein waren, auch gesagt) Da hake ich dann oft ein und frage nach. Meistens stellen meine Coachingnehmer fest, dass das doch keine Ich-Zeit ist, sondern eher eines von den vielen erlebten Muss-Elementen, z.B. so: &#8220;Na, in der wenigen Zeit, die ich habe, muss ich doch wenigstens mit meinen Kindern spielen.&#8221; Sehr anerkennenswert, aber Ich-Zeit? Nein!<\/p>\n\n\n\n<p>Also, zweiter Versuch: Was tun Sie in Ihrer Ich-Zeit? Was tun Sie nur f\u00fcr sich, weil es Ihnen gut tut, weil es Sie erf\u00fcllt, weil es Sie entspannt, weil es Sie gl\u00fccklich macht? Niemanden sonst!<\/p>\n\n\n\n<p>Vielleicht ist das ja eine sch\u00f6ne Denkaufgabe f\u00fcr das Wochenende. Ich-Zeit ist ungemein wichtig, denn fehlt Sie uns, werden \u00fcber kurz oder lang die unvermeidlichen Pflichten des Lebens zu dominant und wir werden unzufrieden, unleidlich f\u00fcr unsere Mitmenschen und so weiter.<\/p>\n\n\n\n<p>Und deswegen ist auch der Titelspruch so wunderbar: Manchmal m\u00fcssen Pflichten warten, weil jetzt gerade ICH-ZEIT ist &#8211; dann rufen Sie doch einfach zur\u00fcck!<\/p>\n\n\n\n<div class=\"wp-block-image\"><figure class=\"aligncenter size-large is-resized\"><img loading=\"lazy\" decoding=\"async\" src=\"http:\/\/marioporten.de\/wp-content\/uploads\/AdobeStock_226475698-1024x683.jpeg\" alt=\"\" class=\"wp-image-2303\" width=\"535\" height=\"357\" srcset=\"https:\/\/marioporten.de\/wp-content\/uploads\/AdobeStock_226475698-1024x683.jpeg 1024w, https:\/\/marioporten.de\/wp-content\/uploads\/AdobeStock_226475698-300x200.jpeg 300w, https:\/\/marioporten.de\/wp-content\/uploads\/AdobeStock_226475698-768x512.jpeg 768w, https:\/\/marioporten.de\/wp-content\/uploads\/AdobeStock_226475698-1536x1024.jpeg 1536w, https:\/\/marioporten.de\/wp-content\/uploads\/AdobeStock_226475698-2048x1365.jpeg 2048w, https:\/\/marioporten.de\/wp-content\/uploads\/AdobeStock_226475698-1200x800.jpeg 1200w\" sizes=\"auto, (max-width: 535px) 85vw, 535px\" \/><\/figure><\/div>\n\n\n\n<p>Ich w\u00fcnsche Ihnen ein wunderbares Wochenende!<\/p>\n\n\n\n<p><\/p>\n","protected":false},"excerpt":{"rendered":"<p>Ich bin sicher, Sie sind auch schon mal mit diesem Spruch auf den Lippen aus dem Haus gegangen: &#8220;Die Pflicht ruft!&#8221; Meist sagen wir das halb scherzhaft. Halb? Genau &#8211; halb scherzhaft! Wie ich das meine? An einem Tag ist es vielleicht wirklich so eine Redensart, sie geht uns locker \u00fcber die Lippen, wir sind &hellip; <a href=\"https:\/\/marioporten.de\/?p=2278\" class=\"more-link\"><span class=\"screen-reader-text\">\u201eDer MP Impuls zum Wochenende\u201c <\/span>weiterlesen<\/a><\/p>\n","protected":false},"author":1,"featured_media":2279,"comment_status":"open","ping_status":"open","sticky":false,"template":"","format":"standard","meta":{"footnotes":""},"categories":[115],"tags":[359,358,360],"class_list":["post-2278","post","type-post","status-publish","format-standard","has-post-thumbnail","hentry","category-impulse","tag-pflichtenmanagen","tag-zeitfuermich","tag-zeitmanagement"],"_links":{"self":[{"href":"https:\/\/marioporten.de\/index.php?rest_route=\/wp\/v2\/posts\/2278","targetHints":{"allow":["GET"]}}],"collection":[{"href":"https:\/\/marioporten.de\/index.php?rest_route=\/wp\/v2\/posts"}],"about":[{"href":"https:\/\/marioporten.de\/index.php?rest_route=\/wp\/v2\/types\/post"}],"author":[{"embeddable":true,"href":"https:\/\/marioporten.de\/index.php?rest_route=\/wp\/v2\/users\/1"}],"replies":[{"embeddable":true,"href":"https:\/\/marioporten.de\/index.php?rest_route=%2Fwp%2Fv2%2Fcomments&post=2278"}],"version-history":[{"count":4,"href":"https:\/\/marioporten.de\/index.php?rest_route=\/wp\/v2\/posts\/2278\/revisions"}],"predecessor-version":[{"id":2305,"href":"https:\/\/marioporten.de\/index.php?rest_route=\/wp\/v2\/posts\/2278\/revisions\/2305"}],"wp:featuredmedia":[{"embeddable":true,"href":"https:\/\/marioporten.de\/index.php?rest_route=\/wp\/v2\/media\/2279"}],"wp:attachment":[{"href":"https:\/\/marioporten.de\/index.php?rest_route=%2Fwp%2Fv2%2Fmedia&parent=2278"}],"wp:term":[{"taxonomy":"category","embeddable":true,"href":"https:\/\/marioporten.de\/index.php?rest_route=%2Fwp%2Fv2%2Fcategories&post=2278"},{"taxonomy":"post_tag","embeddable":true,"href":"https:\/\/marioporten.de\/index.php?rest_route=%2Fwp%2Fv2%2Ftags&post=2278"}],"curies":[{"name":"wp","href":"https:\/\/api.w.org\/{rel}","templated":true}]}}