{"id":2503,"date":"2020-10-30T05:00:00","date_gmt":"2020-10-30T04:00:00","guid":{"rendered":"http:\/\/marioporten.de\/?p=2503"},"modified":"2020-10-28T20:39:24","modified_gmt":"2020-10-28T19:39:24","slug":"blitzlicht-corona-aendert-die-karriereplaene","status":"publish","type":"post","link":"https:\/\/marioporten.de\/?p=2503","title":{"rendered":"Blitzlicht: Corona \u00e4ndert die Karrierepl\u00e4ne"},"content":{"rendered":"\n<p>Mehr als 3000 Menschen zwischen 16 und 25 Jahren hat das Meinungsforschungsinstitut YouGov befragt. Im Ergebnis gaben 33% der jungen Menschen an, dass der Corona-Ausbruch ihre Karrierepl\u00e4ne ge\u00e4ndert habe.<\/p>\n\n\n\n<p>25% gaben sogar an, ihr eigenes Unternehmen gr\u00fcnden zu wollen, wobei 6% dies bereits getan haben. Corona hat die jungen Menschen entweder an ein Problem gef\u00fchrt, dessen L\u00f6sung sie zur Unternehmensgr\u00fcndung motiviert hat oder aber sie haben im Lockdown au\u00dfergew\u00f6hnliche Ideen entwickelt, mit denen sie sich selbst\u00e4ndig machen wollen.<\/p>\n\n\n\n<p>Gro\u00dfartig m\u00f6chte man ausrufen, neue Unternehmer braucht das Land! Aber f\u00fcr die bestehenden Unternehmen  sollte das auch ein Alarmsignal sein &#8211; legt euch ins Zeug und seid offen f\u00fcr Neues, sonst droht ein erheblicher Verlust an Qualit\u00e4t bei jungen Talenten!<\/p>\n\n\n\n<div class=\"wp-block-image\"><figure class=\"aligncenter size-large\"><img loading=\"lazy\" decoding=\"async\" width=\"424\" height=\"283\" src=\"http:\/\/marioporten.de\/wp-content\/uploads\/Fotolia_39858214_XS-1.jpg\" alt=\"\" class=\"wp-image-1114\" srcset=\"https:\/\/marioporten.de\/wp-content\/uploads\/Fotolia_39858214_XS-1.jpg 424w, https:\/\/marioporten.de\/wp-content\/uploads\/Fotolia_39858214_XS-1-300x200.jpg 300w\" sizes=\"auto, (max-width: 424px) 85vw, 424px\" \/><\/figure><\/div>\n\n\n\n<p><\/p>\n","protected":false},"excerpt":{"rendered":"<p>Mehr als 3000 Menschen zwischen 16 und 25 Jahren hat das Meinungsforschungsinstitut YouGov befragt. Im Ergebnis gaben 33% der jungen Menschen an, dass der Corona-Ausbruch ihre Karrierepl\u00e4ne ge\u00e4ndert habe. 25% gaben sogar an, ihr eigenes Unternehmen gr\u00fcnden zu wollen, wobei 6% dies bereits getan haben. Corona hat die jungen Menschen entweder an ein Problem gef\u00fchrt, &hellip; <a href=\"https:\/\/marioporten.de\/?p=2503\" class=\"more-link\"><span class=\"screen-reader-text\">\u201eBlitzlicht: Corona \u00e4ndert die Karrierepl\u00e4ne\u201c <\/span>weiterlesen<\/a><\/p>\n","protected":false},"author":1,"featured_media":1689,"comment_status":"open","ping_status":"open","sticky":false,"template":"","format":"standard","meta":{"footnotes":""},"categories":[5],"tags":[182,435,434,433,436,437],"class_list":["post-2503","post","type-post","status-publish","format-standard","has-post-thumbnail","hentry","category-aktuelle-fakten-und-umfragen","tag-coronakrise","tag-gruendungen","tag-junge-menschen","tag-neue-karriereplaene","tag-selbstaendig-machen","tag-unternehmer-werden"],"_links":{"self":[{"href":"https:\/\/marioporten.de\/index.php?rest_route=\/wp\/v2\/posts\/2503","targetHints":{"allow":["GET"]}}],"collection":[{"href":"https:\/\/marioporten.de\/index.php?rest_route=\/wp\/v2\/posts"}],"about":[{"href":"https:\/\/marioporten.de\/index.php?rest_route=\/wp\/v2\/types\/post"}],"author":[{"embeddable":true,"href":"https:\/\/marioporten.de\/index.php?rest_route=\/wp\/v2\/users\/1"}],"replies":[{"embeddable":true,"href":"https:\/\/marioporten.de\/index.php?rest_route=%2Fwp%2Fv2%2Fcomments&post=2503"}],"version-history":[{"count":1,"href":"https:\/\/marioporten.de\/index.php?rest_route=\/wp\/v2\/posts\/2503\/revisions"}],"predecessor-version":[{"id":2504,"href":"https:\/\/marioporten.de\/index.php?rest_route=\/wp\/v2\/posts\/2503\/revisions\/2504"}],"wp:featuredmedia":[{"embeddable":true,"href":"https:\/\/marioporten.de\/index.php?rest_route=\/wp\/v2\/media\/1689"}],"wp:attachment":[{"href":"https:\/\/marioporten.de\/index.php?rest_route=%2Fwp%2Fv2%2Fmedia&parent=2503"}],"wp:term":[{"taxonomy":"category","embeddable":true,"href":"https:\/\/marioporten.de\/index.php?rest_route=%2Fwp%2Fv2%2Fcategories&post=2503"},{"taxonomy":"post_tag","embeddable":true,"href":"https:\/\/marioporten.de\/index.php?rest_route=%2Fwp%2Fv2%2Ftags&post=2503"}],"curies":[{"name":"wp","href":"https:\/\/api.w.org\/{rel}","templated":true}]}}