{"id":2604,"date":"2020-12-07T08:00:00","date_gmt":"2020-12-07T07:00:00","guid":{"rendered":"http:\/\/marioporten.de\/?p=2604"},"modified":"2020-12-05T08:05:33","modified_gmt":"2020-12-05T07:05:33","slug":"blitzlicht-fuehrung-heute-und-morgen","status":"publish","type":"post","link":"https:\/\/marioporten.de\/?p=2604","title":{"rendered":"Blitzlicht: F\u00fchrung heute und morgen"},"content":{"rendered":"\n<p>Das Beratungsunternehmen Hernstein hat 1500 F\u00fchrungskr\u00e4fte in Deutschland und \u00d6sterreich hinsichtlich ihres F\u00fchrungsverhaltens befragt. In dieser Studie, die <em>managerseminare <\/em>in seiner Dezemberausgabe zitiert, setzen 60% der Befragten auf einen agilen F\u00fchrungsstil und vertrauen auf die Selbstorganisation ihrer Mitarbeitenden. Der in der Corona &#8211; Pandemie vielleicht zu bef\u00fcrchtende R\u00fcckfall in eine strikt hierarchische F\u00fchrung, bleibt demnach aus. 20% der Befragten gaben sogar an, ihren F\u00fchrungsstil hin zu mehr Agilit\u00e4t ver\u00e4ndert zu haben.<\/p>\n\n\n\n<p>Allerdings, so eine kleine Einschr\u00e4nkung, wird auch die hierarchische F\u00fchrung in Teilbereichen als geeignet angesehen. Dies betrifft insbesondere die Themen Wirtschaftlichkeit, Produkt- und Dienstleistungsqualit\u00e4t, Effizienz und Zukunftssicherheit. Immerhin 50% der Befragten hielten bei diesen Themen eine hierarchische F\u00fchrung f\u00fcr besonders hilfreich. <\/p>\n\n\n\n<p>69% der Befragten finden es deshalb besonders wichtig, den F\u00fchrungsstil situativ anzupassen und die verschiedenen F\u00fchrungsstile ad\u00e4quat einsetzen zu k\u00f6nnen. Die Mischung macht es also &#8211; das ist nicht wirklich eine \u00fcberraschende Erkenntnis, aber immerhin 35% der Befragten empfinden das als besonders anspruchsvoll.<\/p>\n\n\n\n<p>Nun ja, F\u00fchrung war noch nie eine leichte Aufgabe.<\/p>\n\n\n\n<div class=\"wp-block-image\"><figure class=\"aligncenter size-large is-resized\"><img loading=\"lazy\" decoding=\"async\" src=\"http:\/\/marioporten.de\/wp-content\/uploads\/CCI_000093-1024x604.jpg\" alt=\"\" class=\"wp-image-2605\" width=\"487\" height=\"287\" srcset=\"https:\/\/marioporten.de\/wp-content\/uploads\/CCI_000093-1024x604.jpg 1024w, https:\/\/marioporten.de\/wp-content\/uploads\/CCI_000093-300x177.jpg 300w, https:\/\/marioporten.de\/wp-content\/uploads\/CCI_000093-768x453.jpg 768w, https:\/\/marioporten.de\/wp-content\/uploads\/CCI_000093-1536x905.jpg 1536w, https:\/\/marioporten.de\/wp-content\/uploads\/CCI_000093-2048x1207.jpg 2048w, https:\/\/marioporten.de\/wp-content\/uploads\/CCI_000093-1200x707.jpg 1200w\" sizes=\"auto, (max-width: 487px) 85vw, 487px\" \/><\/figure><\/div>\n","protected":false},"excerpt":{"rendered":"<p>Das Beratungsunternehmen Hernstein hat 1500 F\u00fchrungskr\u00e4fte in Deutschland und \u00d6sterreich hinsichtlich ihres F\u00fchrungsverhaltens befragt. In dieser Studie, die managerseminare in seiner Dezemberausgabe zitiert, setzen 60% der Befragten auf einen agilen F\u00fchrungsstil und vertrauen auf die Selbstorganisation ihrer Mitarbeitenden. Der in der Corona &#8211; Pandemie vielleicht zu bef\u00fcrchtende R\u00fcckfall in eine strikt hierarchische F\u00fchrung, bleibt demnach &hellip; <a href=\"https:\/\/marioporten.de\/?p=2604\" class=\"more-link\"><span class=\"screen-reader-text\">\u201eBlitzlicht: F\u00fchrung heute und morgen\u201c <\/span>weiterlesen<\/a><\/p>\n","protected":false},"author":1,"featured_media":1689,"comment_status":"open","ping_status":"open","sticky":false,"template":"","format":"standard","meta":{"footnotes":""},"categories":[5],"tags":[165,27,486,487,93],"class_list":["post-2604","post","type-post","status-publish","format-standard","has-post-thumbnail","hentry","category-aktuelle-fakten-und-umfragen","tag-agilitaet","tag-fuehrung","tag-fuehrungsstile","tag-hierarchie","tag-zukunft"],"_links":{"self":[{"href":"https:\/\/marioporten.de\/index.php?rest_route=\/wp\/v2\/posts\/2604","targetHints":{"allow":["GET"]}}],"collection":[{"href":"https:\/\/marioporten.de\/index.php?rest_route=\/wp\/v2\/posts"}],"about":[{"href":"https:\/\/marioporten.de\/index.php?rest_route=\/wp\/v2\/types\/post"}],"author":[{"embeddable":true,"href":"https:\/\/marioporten.de\/index.php?rest_route=\/wp\/v2\/users\/1"}],"replies":[{"embeddable":true,"href":"https:\/\/marioporten.de\/index.php?rest_route=%2Fwp%2Fv2%2Fcomments&post=2604"}],"version-history":[{"count":2,"href":"https:\/\/marioporten.de\/index.php?rest_route=\/wp\/v2\/posts\/2604\/revisions"}],"predecessor-version":[{"id":2607,"href":"https:\/\/marioporten.de\/index.php?rest_route=\/wp\/v2\/posts\/2604\/revisions\/2607"}],"wp:featuredmedia":[{"embeddable":true,"href":"https:\/\/marioporten.de\/index.php?rest_route=\/wp\/v2\/media\/1689"}],"wp:attachment":[{"href":"https:\/\/marioporten.de\/index.php?rest_route=%2Fwp%2Fv2%2Fmedia&parent=2604"}],"wp:term":[{"taxonomy":"category","embeddable":true,"href":"https:\/\/marioporten.de\/index.php?rest_route=%2Fwp%2Fv2%2Fcategories&post=2604"},{"taxonomy":"post_tag","embeddable":true,"href":"https:\/\/marioporten.de\/index.php?rest_route=%2Fwp%2Fv2%2Ftags&post=2604"}],"curies":[{"name":"wp","href":"https:\/\/api.w.org\/{rel}","templated":true}]}}