{"id":2608,"date":"2020-12-09T05:00:00","date_gmt":"2020-12-09T04:00:00","guid":{"rendered":"http:\/\/marioporten.de\/?p=2608"},"modified":"2020-12-05T08:51:31","modified_gmt":"2020-12-05T07:51:31","slug":"blitzlicht-verantwortungsbewusstsein-koennte-im-virtuellen-abnehmen","status":"publish","type":"post","link":"https:\/\/marioporten.de\/?p=2608","title":{"rendered":"Blitzlicht: Verantwortungsbewusstsein k\u00f6nnte im virtuellen abnehmen"},"content":{"rendered":"\n<p>Eine interessante Untersuchung hat das Leibniz-Institut f\u00fcr Wissensmedien (IWM) durchgef\u00fchrt. Daf\u00fcr nahmen 180 Mitarbeitende unterschiedlicher Arbeitsbereiche an einer online-Befragung teil.<\/p>\n\n\n\n<p>Sie sollten sich in die Position einer F\u00fchrungs- bzw. Assistenzkraft hineinversetzen und sich vorstellen mit der jeweils anderen gemeinsam ein Projekt durchzuf\u00fchren. W\u00e4hrend die eine H\u00e4lfte informiert wurde, dass die Zusamenarbeit face-to-face stattfinden wird, erhielt die andere H\u00e4lfte die Info, dass die Zusammenarbeit virtuell, also z.B. per Videocall erfolgen wird.<\/p>\n\n\n\n<p><strong>Ergebnis:<\/strong><\/p>\n\n\n\n<p>Die Teilnehmer meldeten ein <strong>h\u00f6heres<\/strong> Verantwortungsbewusstsein wenn sie <strong>F\u00fchrungskraft<\/strong> waren und wenn die Zusammenarbeit <strong>face-to-face<\/strong> stattfinden sollte.<\/p>\n\n\n\n<p>Dieses Ergebnis konnte durch eine weitere Studie best\u00e4tigt werden.<\/p>\n\n\n\n<p>Virtuelle Zusammenarbeit k\u00f6nnte also dazu f\u00fchren, dass andere Personen als weiter entfernt wahrgenommen werden, so dass man sich weniger um sie k\u00fcmmern muss. Das w\u00e4re f\u00fcr F\u00fchrungskr\u00e4fte ein gef\u00e4hrlicher Trugschluss.<\/p>\n\n\n\n<p>Allerdings: Die weitere Entwicklung bleibt abzuwarten, denn dies ist aktuell auch nur ein Blitzlicht, welches stark von einem &#8220;Corona-Push&#8221; gepr\u00e4gt ist.<\/p>\n\n\n\n<p class=\"has-text-align-right has-small-font-size\">(Quelle: managerseminare 12\/2020)<\/p>\n\n\n\n<div class=\"wp-block-image\"><figure class=\"aligncenter size-large is-resized\"><img loading=\"lazy\" decoding=\"async\" src=\"http:\/\/marioporten.de\/wp-content\/uploads\/virtual-4382557-1024x772.png\" alt=\"\" class=\"wp-image-2609\" width=\"486\" height=\"365\" srcset=\"https:\/\/marioporten.de\/wp-content\/uploads\/virtual-4382557-1024x772.png 1024w, https:\/\/marioporten.de\/wp-content\/uploads\/virtual-4382557-300x226.png 300w, https:\/\/marioporten.de\/wp-content\/uploads\/virtual-4382557-768x579.png 768w, https:\/\/marioporten.de\/wp-content\/uploads\/virtual-4382557-1536x1158.png 1536w, https:\/\/marioporten.de\/wp-content\/uploads\/virtual-4382557-1200x904.png 1200w, https:\/\/marioporten.de\/wp-content\/uploads\/virtual-4382557.png 1920w\" sizes=\"auto, (max-width: 486px) 85vw, 486px\" \/><\/figure><\/div>\n","protected":false},"excerpt":{"rendered":"<p>Eine interessante Untersuchung hat das Leibniz-Institut f\u00fcr Wissensmedien (IWM) durchgef\u00fchrt. Daf\u00fcr nahmen 180 Mitarbeitende unterschiedlicher Arbeitsbereiche an einer online-Befragung teil. Sie sollten sich in die Position einer F\u00fchrungs- bzw. Assistenzkraft hineinversetzen und sich vorstellen mit der jeweils anderen gemeinsam ein Projekt durchzuf\u00fchren. W\u00e4hrend die eine H\u00e4lfte informiert wurde, dass die Zusamenarbeit face-to-face stattfinden wird, erhielt &hellip; <a href=\"https:\/\/marioporten.de\/?p=2608\" class=\"more-link\"><span class=\"screen-reader-text\">\u201eBlitzlicht: Verantwortungsbewusstsein k\u00f6nnte im virtuellen abnehmen\u201c <\/span>weiterlesen<\/a><\/p>\n","protected":false},"author":1,"featured_media":1131,"comment_status":"open","ping_status":"open","sticky":false,"template":"","format":"standard","meta":{"footnotes":""},"categories":[5],"tags":[107,289,245,93,455],"class_list":["post-2608","post","type-post","status-publish","format-standard","has-post-thumbnail","hentry","category-aktuelle-fakten-und-umfragen","tag-new-work","tag-verantwortung","tag-virtuelle-fuehrung","tag-zukunft","tag-zusammenarbeit"],"_links":{"self":[{"href":"https:\/\/marioporten.de\/index.php?rest_route=\/wp\/v2\/posts\/2608","targetHints":{"allow":["GET"]}}],"collection":[{"href":"https:\/\/marioporten.de\/index.php?rest_route=\/wp\/v2\/posts"}],"about":[{"href":"https:\/\/marioporten.de\/index.php?rest_route=\/wp\/v2\/types\/post"}],"author":[{"embeddable":true,"href":"https:\/\/marioporten.de\/index.php?rest_route=\/wp\/v2\/users\/1"}],"replies":[{"embeddable":true,"href":"https:\/\/marioporten.de\/index.php?rest_route=%2Fwp%2Fv2%2Fcomments&post=2608"}],"version-history":[{"count":3,"href":"https:\/\/marioporten.de\/index.php?rest_route=\/wp\/v2\/posts\/2608\/revisions"}],"predecessor-version":[{"id":2612,"href":"https:\/\/marioporten.de\/index.php?rest_route=\/wp\/v2\/posts\/2608\/revisions\/2612"}],"wp:featuredmedia":[{"embeddable":true,"href":"https:\/\/marioporten.de\/index.php?rest_route=\/wp\/v2\/media\/1131"}],"wp:attachment":[{"href":"https:\/\/marioporten.de\/index.php?rest_route=%2Fwp%2Fv2%2Fmedia&parent=2608"}],"wp:term":[{"taxonomy":"category","embeddable":true,"href":"https:\/\/marioporten.de\/index.php?rest_route=%2Fwp%2Fv2%2Fcategories&post=2608"},{"taxonomy":"post_tag","embeddable":true,"href":"https:\/\/marioporten.de\/index.php?rest_route=%2Fwp%2Fv2%2Ftags&post=2608"}],"curies":[{"name":"wp","href":"https:\/\/api.w.org\/{rel}","templated":true}]}}