{"id":2645,"date":"2020-12-26T05:00:00","date_gmt":"2020-12-26T04:00:00","guid":{"rendered":"http:\/\/marioporten.de\/?p=2645"},"modified":"2020-12-17T12:39:49","modified_gmt":"2020-12-17T11:39:49","slug":"der-mp-impuls-zum-wochenende-48","status":"publish","type":"post","link":"https:\/\/marioporten.de\/?p=2645","title":{"rendered":"Der MP Impuls zum Wochenende"},"content":{"rendered":"\n<p>Es gibt Menschen die kennen wir alle &#8211; zumindest vom Sehen. Sie sind einpr\u00e4gsame M\u00e4nner und Frauen des \u00f6ffentlichen Lebens und wir alle sehen Sie fast t\u00e4glich und so werden Sie Teil unseres Lebens, ohne dass wir eine besondere Beziehung zu Ihnen haben. Zu diesen Menschen geh\u00f6ren ohne Zweifel die Sprecher der &#8220;Tagesschau&#8221;, die jeden Abend von Millionen Menschen gesehen werden. <\/p>\n\n\n\n<p>Einer der bekanntesten Tagesschausprecher ist Jan Hofer. F\u00fcr ihn war es nun soweit &#8211; am 14.12.2020 sprach er zum letzten Mal die Tagesschau &#8211; nach 36 Jahren, was f\u00fcr eine lange Zeit.<\/p>\n\n\n\n<p class=\"has-text-align-center\"><strong><em>&#8220;F\u00fcr mich aber heute hei\u00dft es zum letzten Mal:<\/em><\/strong><br><strong><em>Guten Abend meine Damen und Herren, machen Sie es gut.&#8221;<\/em><\/strong><\/p>\n\n\n\n<p>Und als w\u00e4ren diese Worte nicht bewegend genug nahm Jan Hofer, w\u00e4hrend er dies sagte, auch noch seine Krawatte ab. Es war eine klare Symbolik, die niemand missverstehen konnte: Ich habe fertig.<\/p>\n\n\n\n<p>[falls Sie es sich ansehen m\u00f6chten: <a rel=\"noreferrer noopener\" href=\"https:\/\/www.facebook.com\/watch\/?ref=saved&amp;v=668090587209952\" target=\"_blank\">Jan Hofers letzte Worte als Tagesschausprecher]<\/a><\/p>\n\n\n\n<p>Dieser Moment kommt f\u00fcr die allermeisten von uns irgendwann &#8211; der letzte Arbeitstag. Jan Hofer war anzumerken, dass sein Beruf f\u00fcr ihn auch Berufung war, dass er viel Wert auf gute Nachrichtenqualit\u00e4t legte und auf seri\u00f6se Berichterstattung. Er war sich der Bedeutung bewusst, die seine Worte f\u00fcr viele Menschen jeden Abend hatten. Er wollte es gut machen &#8211; er hat es gut gemacht.<\/p>\n\n\n\n<p>Gerade wenn der Beruf auch Berufung war, dann f\u00e4llt der Abschied oft umso schwerer. Ausgef\u00fcllte Tage sind pl\u00f6tzlich leer, gewohnte Abl\u00e4ufe und Routinen greifen nicht mehr. Bekannte Gesichter verschwinden aus dem Alltag und das von einem Tag auf den anderen. Pl\u00f6tzlich wird man &#8220;nicht mehr gebraucht&#8221; und alles l\u00e4uft auch ohne einen weiter wie bisher.<\/p>\n\n\n\n<div class=\"wp-block-image\"><figure class=\"aligncenter size-large is-resized\"><img loading=\"lazy\" decoding=\"async\" src=\"http:\/\/marioporten.de\/wp-content\/uploads\/road-4348087-2-1024x520.jpg\" alt=\"\" class=\"wp-image-2660\" width=\"493\" height=\"250\"\/><\/figure><\/div>\n\n\n\n<p>F\u00fcr viele Menschen ist das kein leichter Moment. Der Beruf bringt oft nicht nur die geregelten Tagesabl\u00e4ufe, sondern auch viel Anerkennung und soziale Kontakte mit sich. Viele meiner Coachingnehmer sind sich sehr bewusst, dass sie zahlreiche Einladungen zu Veranstaltungen oder Festen nicht ihrer Person, sondern nur ihrer Visitenkarte verdanken. Keine Karte mehr, keine Einladungen.<\/p>\n\n\n\n<p>Und noch ein Aspekt ist beachtenswert. Ist der Beruf auch Berufung, dann arbeiten viele Menschen weit mehr als die vorgeschriebene Arbeitszeit. Es macht Ihnen Freude und Zeit ist nicht wichtig, denn es f\u00fchlt sich oft nicht nach Arbeit an. Es ist eher Erf\u00fcllung, manchmal sogar Vergn\u00fcgen. Der K\u00f6rper aber gew\u00f6hnt sich an hohe Belastungen, an lange Konzentrationsphasen und an eine erh\u00f6hte k\u00f6rperliche Beanspruchung allgemein. F\u00e4llt all das von einem auf den anderen Tag weg, kann unser K\u00f6rper das oft nicht einordnen. Wie ein Spitzensportler am Ende seiner Karriere gezielt abtrainiert, so m\u00fcssten wir das eigentlich in diesem Fall auch tun &#8211; tun wir aber meistens nicht. Vom einen auf den anderen Tag f\u00e4llt einfach alles weg.<\/p>\n\n\n\n<p>Ich kenne aus meiner aktiven Zeit als Manager viele Kollegen, bei denen wir uns oft gefragt haben, ob es neben dem Beruf noch &#8220;irgendetwas&#8221; gibt. Auf Menschen, die gef\u00fchlt nur die berufliche Stellung haben, schaue ich als Coach immer mit Sorge, denn jede berufliche Stellung ist endlich. Manche erf\u00fcllt danach die gro\u00dfe Leere und eine ernste Krise bahnt sich an.<\/p>\n\n\n\n<p>Ich wei\u00df nicht, wie es bei Jan Hofer aussieht, aber ich kann mir gut vorstellen, dass auf ihn schon neue Aufgaben warten, die ihn erf\u00fcllen werden und die er mit der gleichen Freude angehen wird, mit der er seinen Beruf ausge\u00fcbt hat.<\/p>\n\n\n\n<div class=\"wp-block-image\"><figure class=\"aligncenter size-large is-resized\"><img loading=\"lazy\" decoding=\"async\" src=\"http:\/\/marioporten.de\/wp-content\/uploads\/welcome-852078-1024x1024.jpg\" alt=\"\" class=\"wp-image-2661\" width=\"390\" height=\"390\" srcset=\"https:\/\/marioporten.de\/wp-content\/uploads\/welcome-852078-1024x1024.jpg 1024w, https:\/\/marioporten.de\/wp-content\/uploads\/welcome-852078-300x300.jpg 300w, https:\/\/marioporten.de\/wp-content\/uploads\/welcome-852078-150x150.jpg 150w, https:\/\/marioporten.de\/wp-content\/uploads\/welcome-852078-768x768.jpg 768w, https:\/\/marioporten.de\/wp-content\/uploads\/welcome-852078-1536x1536.jpg 1536w, https:\/\/marioporten.de\/wp-content\/uploads\/welcome-852078-2048x2048.jpg 2048w, https:\/\/marioporten.de\/wp-content\/uploads\/welcome-852078-1200x1200.jpg 1200w\" sizes=\"auto, (max-width: 390px) 85vw, 390px\" \/><\/figure><\/div>\n\n\n\n<p>Es sind diese Fragen, die wir uns alle stellen sollten, lange vor dem Ende unserer Berufszeit:<\/p>\n\n\n\n<p>Was macht uns aus? Wer sind wir als Mensch, abseits der Position, die wir im Berufsleben gerade bekleiden?<\/p>\n\n\n\n<p>Welche Werte m\u00f6chte ich vertreten, wof\u00fcr stehe ich?<\/p>\n\n\n\n<p>Was f\u00fcllt mich aus, mach mache ich nur f\u00fcr mich? Was l\u00e4sst mich als Mensch wachsen, was macht mich gl\u00fccklich?<\/p>\n\n\n\n<p>Welche Aufgaben und Projekte m\u00f6chte ich angehen, wenn &#8220;ich einmal Zeit habe&#8221;? Bin ich daf\u00fcr vorbereitet und bereit?<\/p>\n\n\n\n<p>Es gibt so viel, was uns ausf\u00fcllen kann neben dem Beruf. Machen Sie sich rechtzeitig auf die Suche, damit nicht die gro\u00dfe Leere kommt, am Tag nach dem Ausscheiden aus dem Berufsleben. Erfinden Sie sich neu oder arbeiten Sie weiter an ihren Herzensangelegenheiten, nur eben anders als bisher.<\/p>\n\n\n\n<p>Definieren Sie sich nicht ausschlie\u00dflich \u00fcber Ihren Beruf, Sie sind doch so viel mehr!<\/p>\n\n\n\n<div class=\"wp-block-image\"><figure class=\"aligncenter size-large is-resized\"><img loading=\"lazy\" decoding=\"async\" src=\"http:\/\/marioporten.de\/wp-content\/uploads\/just-be-597091-1024x791.jpg\" alt=\"\" class=\"wp-image-2659\" width=\"316\" height=\"243\" srcset=\"https:\/\/marioporten.de\/wp-content\/uploads\/just-be-597091-1024x791.jpg 1024w, https:\/\/marioporten.de\/wp-content\/uploads\/just-be-597091-300x232.jpg 300w, https:\/\/marioporten.de\/wp-content\/uploads\/just-be-597091-768x593.jpg 768w, https:\/\/marioporten.de\/wp-content\/uploads\/just-be-597091-1536x1187.jpg 1536w, https:\/\/marioporten.de\/wp-content\/uploads\/just-be-597091-2048x1582.jpg 2048w, https:\/\/marioporten.de\/wp-content\/uploads\/just-be-597091-1200x927.jpg 1200w\" sizes=\"auto, (max-width: 316px) 85vw, 316px\" \/><\/figure><\/div>\n\n\n\n<p>Ein sch\u00f6nes Wochenende!<\/p>\n","protected":false},"excerpt":{"rendered":"<p>Es gibt Menschen die kennen wir alle &#8211; zumindest vom Sehen. Sie sind einpr\u00e4gsame M\u00e4nner und Frauen des \u00f6ffentlichen Lebens und wir alle sehen Sie fast t\u00e4glich und so werden Sie Teil unseres Lebens, ohne dass wir eine besondere Beziehung zu Ihnen haben. Zu diesen Menschen geh\u00f6ren ohne Zweifel die Sprecher der &#8220;Tagesschau&#8221;, die jeden &hellip; <a href=\"https:\/\/marioporten.de\/?p=2645\" class=\"more-link\"><span class=\"screen-reader-text\">\u201eDer MP Impuls zum Wochenende\u201c <\/span>weiterlesen<\/a><\/p>\n","protected":false},"author":1,"featured_media":2662,"comment_status":"open","ping_status":"open","sticky":false,"template":"","format":"standard","meta":{"footnotes":""},"categories":[115],"tags":[507,439,510,508,511,308,509],"class_list":["post-2645","post","type-post","status-publish","format-standard","has-post-thumbnail","hentry","category-impulse","tag-abschied","tag-einfach-sein","tag-funktion","tag-ichselbstsein","tag-mensch","tag-neuanfang","tag-ruhestand"],"_links":{"self":[{"href":"https:\/\/marioporten.de\/index.php?rest_route=\/wp\/v2\/posts\/2645","targetHints":{"allow":["GET"]}}],"collection":[{"href":"https:\/\/marioporten.de\/index.php?rest_route=\/wp\/v2\/posts"}],"about":[{"href":"https:\/\/marioporten.de\/index.php?rest_route=\/wp\/v2\/types\/post"}],"author":[{"embeddable":true,"href":"https:\/\/marioporten.de\/index.php?rest_route=\/wp\/v2\/users\/1"}],"replies":[{"embeddable":true,"href":"https:\/\/marioporten.de\/index.php?rest_route=%2Fwp%2Fv2%2Fcomments&post=2645"}],"version-history":[{"count":9,"href":"https:\/\/marioporten.de\/index.php?rest_route=\/wp\/v2\/posts\/2645\/revisions"}],"predecessor-version":[{"id":2671,"href":"https:\/\/marioporten.de\/index.php?rest_route=\/wp\/v2\/posts\/2645\/revisions\/2671"}],"wp:featuredmedia":[{"embeddable":true,"href":"https:\/\/marioporten.de\/index.php?rest_route=\/wp\/v2\/media\/2662"}],"wp:attachment":[{"href":"https:\/\/marioporten.de\/index.php?rest_route=%2Fwp%2Fv2%2Fmedia&parent=2645"}],"wp:term":[{"taxonomy":"category","embeddable":true,"href":"https:\/\/marioporten.de\/index.php?rest_route=%2Fwp%2Fv2%2Fcategories&post=2645"},{"taxonomy":"post_tag","embeddable":true,"href":"https:\/\/marioporten.de\/index.php?rest_route=%2Fwp%2Fv2%2Ftags&post=2645"}],"curies":[{"name":"wp","href":"https:\/\/api.w.org\/{rel}","templated":true}]}}