{"id":3242,"date":"2021-06-26T05:00:00","date_gmt":"2021-06-26T03:00:00","guid":{"rendered":"https:\/\/marioporten.de\/?p=3242"},"modified":"2021-05-25T07:30:56","modified_gmt":"2021-05-25T05:30:56","slug":"der-mp-impuls-zum-wochenende-73","status":"publish","type":"post","link":"https:\/\/marioporten.de\/?p=3242","title":{"rendered":"Der MP Impuls zum Wochenende"},"content":{"rendered":"\n<p>Diejenigen unter Ihnen, die \u00f6fter mal in meinen Blog oder in meine daraus folgenden Publikationen in den sozialen Netzwerken schauen, kennen vielleicht das \u201eZitat der Woche\u201c. Seit Juli 2016 habe ich jeden Montag ein \u201eZitat der Woche\u201c ver\u00f6ffentlicht. Als ich anl\u00e4sslich dieses Impulses nachgeschaut haben, wie lange ich diese Zitate schon ver\u00f6ffentliche, war ich selbst \u00fcberrascht. Was, f\u00fcnf Jahre sind das jetzt schon? 52 Wochen mal f\u00fcnf Jahre, 260 Zitate habe ich schon ver\u00f6ffentlicht?! Wow!<\/p>\n\n\n\n<p>Ende Juni 2021, also zum f\u00fcnfj\u00e4hrigen Jubil\u00e4um, werde ich die \u201eZitate der Woche\u201c einstellen. Ich hoffe, das l\u00f6st gerade einen Sturm der Entt\u00e4uschung aus und Sie alle k\u00f6nnen es kaum fassen \u2013 Spa\u00df nat\u00fcrlich.<\/p>\n\n\n\n<p>Warum mache ich das und warum mache daraus auch einen Impuls zur Selbstreflexion? Weil ich glaube, dass es ein sehr guter Reflexionsanlass f\u00fcr viele von Ihnen ist, denen es \u00e4hnlich geht wie mir mit meiner Zitatenreihe.<\/p>\n\n\n\n<p>Als ich von f\u00fcnf Jahren damit begann, gab ich noch ein Seminar, indem viele Zitate verwendet wurden, um den Seminarteilnehmern Denkanst\u00f6\u00dfe zu geben, Diskussionen anzuregen oder auch nur dar\u00fcber zu schmunzeln. Zitate mochte ich schon immer gern und in diesem Seminar waren sie so etwas wie Handwerkszeug. Ich hatte Spa\u00df an immer neuen Zitaten und dass ich sie ver\u00f6ffentlichte, war eigentlich nur ein Nebenprodukt. Immer wieder fielen mir Zitate auf, meine Sammlung wuchs immer weiter und w\u00e4chst auch immer noch. In meiner Anfangseuphorie versuchte ich immer ein Zitat zu finden, das gerade in die Zeit passte. Au\u00dferdem fand ich es immer langweilig, Zitate \u201eeinfach so\u201c zu posten, also unterlegte ich sie mit passenden Bildern. Es war bald ein gro\u00dfer Fundus vorhanden, aus dem ich sch\u00f6pfen konnte.<\/p>\n\n\n\n<p>Die ersten Jahre machte es einfach nur Spa\u00df, auch wenn das Seminar bald keinen Zulauf mehr fand und von mir eingestellt wurde. Vor einigen Monaten ertappte ich mich zum ersten Mal bei einer neuen Formulierung: \u201eDu musst noch das Zitat f\u00fcr Montag raussuchen und ver\u00f6ffentlichen.\u201c Anfangs nahm ich es erst gar nicht wahr, aber es wurde mir jede Woche ein wenig klarer. Dieser Satz enth\u00e4lt ein Wort, das ich aus meinem Leben verbannt habe. Es hat sich unbewusst eingeschlichen und wie immer, wenn es da ist, wirkt es als Spa\u00dfbremse, als Stimmungskiller und verbreitet ein Gef\u00fchl von Schwere.<\/p>\n\n\n\n<p>Welches Wort ist es? Sie ahnen oder wissen es sicher: Es ist das Wort \u201emuss\u201c!<\/p>\n\n\n\n<figure class=\"wp-block-image size-large is-resized\"><img loading=\"lazy\" decoding=\"async\" src=\"https:\/\/marioporten.de\/wp-content\/uploads\/emotiguy-1654859-1024x683.png\" alt=\"\" class=\"wp-image-2895\" width=\"360\" height=\"240\" srcset=\"https:\/\/marioporten.de\/wp-content\/uploads\/emotiguy-1654859-1024x683.png 1024w, https:\/\/marioporten.de\/wp-content\/uploads\/emotiguy-1654859-300x200.png 300w, https:\/\/marioporten.de\/wp-content\/uploads\/emotiguy-1654859-768x512.png 768w, https:\/\/marioporten.de\/wp-content\/uploads\/emotiguy-1654859-1536x1024.png 1536w, https:\/\/marioporten.de\/wp-content\/uploads\/emotiguy-1654859-2048x1365.png 2048w, https:\/\/marioporten.de\/wp-content\/uploads\/emotiguy-1654859-1200x800.png 1200w\" sizes=\"auto, (max-width: 360px) 85vw, 360px\" \/><\/figure>\n\n\n\n<p>Alles, was wir m\u00fcssen, anstatt es zu wollen, zu k\u00f6nnen, zu d\u00fcrfen oder welche Formulierung Sie auch immer verwenden m\u00f6chten, f\u00fchlt sich schwer an, raubt Spa\u00df und Energie. Aus dem, was ich so gerne mit gro\u00dfer Leichtigkeit getan hatte, was mir so viel Spa\u00df gemacht hatte, war inzwischen eine l\u00e4stige Pflicht geworden &#8211; pl\u00f6tzlich war mir das v\u00f6llig klar.<\/p>\n\n\n\n<p>\u201eJa, aber da musst Du durch, Du kannst doch nach f\u00fcnf Jahren nicht einfach so damit aufh\u00f6ren. Deine Kunden und Freunde erwarten das von Dir.\u201c Kennen Sie auch solche qu\u00e4ckenden Stimmen auf Ihrer Schulter? Das schlechte Gewissen meldet sich, also weitermachen?<\/p>\n\n\n\n<p>Auf keinen Fall! Ich muss nicht, nichts mehr beweisen, es niemandem Recht machen, au\u00dfer mir. Es macht mir keinen Spa\u00df mehr, es wird beendet \u2013 Punkt. Am 28.06.2021 gibt es also in meinem Blog das letzte \u201eZitat der Woche\u201c!<\/p>\n\n\n\n<p>Und f\u00fcr alle, die jetzt vielleicht tats\u00e4chlich ein wenig traurig sind, weil ihnen vielleicht einige meiner Zitate gefallen haben, gibt es auch noch einen Trost. Ich finde Zitate nach wie vor gut, ich sammle sie weiter und es wird sicher noch viele Zitate von mir geben, aber nicht mehr als \u201eZitat der Woche\u201c zwanghaft an jedem Montag eines. Mehr Freiheit, mehr Flexibilit\u00e4t, mehr Spontanit\u00e4t, danach ist mir gerade und so soll es sein. Zur\u00fcck zur Leichtigkeit, mit der ich vor f\u00fcnf Jahren angefangen habe. Das f\u00fchlt sich gut an!<\/p>\n\n\n\n<div class=\"wp-block-image\"><figure class=\"aligncenter size-large is-resized\"><img loading=\"lazy\" decoding=\"async\" src=\"https:\/\/marioporten.de\/wp-content\/uploads\/senior-4466290-1024x683.jpg\" alt=\"\" class=\"wp-image-2923\" width=\"484\" height=\"323\" srcset=\"https:\/\/marioporten.de\/wp-content\/uploads\/senior-4466290-1024x683.jpg 1024w, https:\/\/marioporten.de\/wp-content\/uploads\/senior-4466290-300x200.jpg 300w, https:\/\/marioporten.de\/wp-content\/uploads\/senior-4466290-768x512.jpg 768w, https:\/\/marioporten.de\/wp-content\/uploads\/senior-4466290-1536x1024.jpg 1536w, https:\/\/marioporten.de\/wp-content\/uploads\/senior-4466290-2048x1365.jpg 2048w, https:\/\/marioporten.de\/wp-content\/uploads\/senior-4466290-1200x800.jpg 1200w\" sizes=\"auto, (max-width: 484px) 85vw, 484px\" \/><\/figure><\/div>\n\n\n\n<p><br>So, nun ahnen Sie vielleicht schon, dass wir noch zu Ihnen kommen. Kribbelt es schon bei Ihnen? M\u00f6glicherweise haben Sie gerade gedacht: \u201aDer hat\u2019s gut!\u2018<\/p>\n\n\n\n<p>Ist Ihnen auch etwas eingefallen, was Sie gerne beenden w\u00fcrden? Etwas, das Sie auch mal mit Spa\u00df und Elan begonnen haben, das inzwischen aber zur l\u00e4stigen Pflicht geworden ist. Qu\u00e4ken Ihre Stimmen auch schon zahlreiche Argumente in Ihr Ohr, warum Sie damit aber auf keinen Fall aufh\u00f6ren k\u00f6nnen.<\/p>\n\n\n\n<p>Sie glauben nicht, wie viele Menschen aus reiner Gewohnheit, aus falsch empfundener Verpflichtung, aus Routine oder aus Angst vor Neuem Dinge tun, ohne Spa\u00df und Freude dabei zu haben, ohne es wirklich zu wollen und ohne einen Mehrwert davon zu haben. Dabei ist es total egal, was es ist. Es f\u00e4ngt beim Beruf an und endet in der Skatrunde, die manche immer noch einmal die Woche besuchen, obwohl sie schon seit Jahren nicht mehr gerne Karten spielen.<\/p>\n\n\n\n<p>\u201eAber, ich kann doch nicht\u2026\u201c \u2013 so lautet der nat\u00fcrliche Reflex.<\/p>\n\n\n\n<p>Doch Sie k\u00f6nnen und noch besser: TUN SIE ES! H\u00d6REN SIE DAMIT AUF!<\/p>\n\n\n\n<div class=\"wp-block-image\"><figure class=\"aligncenter size-large is-resized\"><img loading=\"lazy\" decoding=\"async\" src=\"https:\/\/marioporten.de\/wp-content\/uploads\/button-1015632-1024x917.jpg\" alt=\"\" class=\"wp-image-3245\" width=\"333\" height=\"298\" srcset=\"https:\/\/marioporten.de\/wp-content\/uploads\/button-1015632-1024x917.jpg 1024w, https:\/\/marioporten.de\/wp-content\/uploads\/button-1015632-300x269.jpg 300w, https:\/\/marioporten.de\/wp-content\/uploads\/button-1015632-768x688.jpg 768w, https:\/\/marioporten.de\/wp-content\/uploads\/button-1015632-1536x1376.jpg 1536w, https:\/\/marioporten.de\/wp-content\/uploads\/button-1015632-2048x1835.jpg 2048w, https:\/\/marioporten.de\/wp-content\/uploads\/button-1015632-1200x1075.jpg 1200w\" sizes=\"auto, (max-width: 333px) 85vw, 333px\" \/><\/figure><\/div>\n\n\n\n<p>Niemand anderes wird es f\u00fcr Sie tun, es ist Ihre ureigenste Aufgabe. Zur\u00fcck zur Leichtigkeit, Sie werden sehen, wie gut sich das anf\u00fchlt. Und sollte Ihnen dann wirklich etwas fehlen, Sie k\u00f6nnen jederzeit wieder anfangen \u2013 nichts ist f\u00fcr immer!<\/p>\n\n\n\n<p>Also, was steht auf Ihrem pers\u00f6nlichen Zettel?<\/p>\n\n\n\n<p>Womit m\u00f6chten Sie aufh\u00f6ren, weil es nur noch Pflichterf\u00fcllung ist, keinen Spa\u00df und keine Freude mehr macht, sich schwer anf\u00fchlt und Ihnen Energie raubt?<\/p>\n\n\n\n<p>Tun Sie es \u2013 vielleicht ja gleich an diesem Wochenende!<\/p>\n","protected":false},"excerpt":{"rendered":"<p>Diejenigen unter Ihnen, die \u00f6fter mal in meinen Blog oder in meine daraus folgenden Publikationen in den sozialen Netzwerken schauen, kennen vielleicht das \u201eZitat der Woche\u201c. Seit Juli 2016 habe ich jeden Montag ein \u201eZitat der Woche\u201c ver\u00f6ffentlicht. Als ich anl\u00e4sslich dieses Impulses nachgeschaut haben, wie lange ich diese Zitate schon ver\u00f6ffentliche, war ich selbst &hellip; <a href=\"https:\/\/marioporten.de\/?p=3242\" class=\"more-link\"><span class=\"screen-reader-text\">\u201eDer MP Impuls zum Wochenende\u201c <\/span>weiterlesen<\/a><\/p>\n","protected":false},"author":60,"featured_media":3243,"comment_status":"open","ping_status":"open","sticky":false,"template":"","format":"standard","meta":{"footnotes":""},"categories":[115],"tags":[253,25,759,369,760,761,287],"class_list":["post-3242","post","type-post","status-publish","format-standard","has-post-thumbnail","hentry","category-impulse","tag-aufhoeren","tag-erfolg","tag-etwas-wirklich-wollen","tag-freiheit","tag-pflicht-erfuellen","tag-spass","tag-zufriedenheit"],"_links":{"self":[{"href":"https:\/\/marioporten.de\/index.php?rest_route=\/wp\/v2\/posts\/3242","targetHints":{"allow":["GET"]}}],"collection":[{"href":"https:\/\/marioporten.de\/index.php?rest_route=\/wp\/v2\/posts"}],"about":[{"href":"https:\/\/marioporten.de\/index.php?rest_route=\/wp\/v2\/types\/post"}],"author":[{"embeddable":true,"href":"https:\/\/marioporten.de\/index.php?rest_route=\/wp\/v2\/users\/60"}],"replies":[{"embeddable":true,"href":"https:\/\/marioporten.de\/index.php?rest_route=%2Fwp%2Fv2%2Fcomments&post=3242"}],"version-history":[{"count":2,"href":"https:\/\/marioporten.de\/index.php?rest_route=\/wp\/v2\/posts\/3242\/revisions"}],"predecessor-version":[{"id":3246,"href":"https:\/\/marioporten.de\/index.php?rest_route=\/wp\/v2\/posts\/3242\/revisions\/3246"}],"wp:featuredmedia":[{"embeddable":true,"href":"https:\/\/marioporten.de\/index.php?rest_route=\/wp\/v2\/media\/3243"}],"wp:attachment":[{"href":"https:\/\/marioporten.de\/index.php?rest_route=%2Fwp%2Fv2%2Fmedia&parent=3242"}],"wp:term":[{"taxonomy":"category","embeddable":true,"href":"https:\/\/marioporten.de\/index.php?rest_route=%2Fwp%2Fv2%2Fcategories&post=3242"},{"taxonomy":"post_tag","embeddable":true,"href":"https:\/\/marioporten.de\/index.php?rest_route=%2Fwp%2Fv2%2Ftags&post=3242"}],"curies":[{"name":"wp","href":"https:\/\/api.w.org\/{rel}","templated":true}]}}