{"id":3833,"date":"2022-01-10T12:55:04","date_gmt":"2022-01-10T11:55:04","guid":{"rendered":"https:\/\/marioporten.de\/?p=3833"},"modified":"2022-01-10T12:55:05","modified_gmt":"2022-01-10T11:55:05","slug":"depressionen-weit-verbreitet","status":"publish","type":"post","link":"https:\/\/marioporten.de\/?p=3833","title":{"rendered":"Depressionen weit verbreitet"},"content":{"rendered":"\n<p>In fast jedem Unternehmen d\u00fcrfte es jemanden geben, der bereits einmal an einer Depression erkrankt war bzw. ist. Bekannt ist das h\u00e4ufig nicht, denn die Krankheit wird sowohl von Unternehmen als auch von den Mitarbeitenden oft tabuisiert.<\/p>\n\n\n\n<p>Die Stiftung Deutsche Depressionshilfe hat in einer Befragung von 5000 Menschen festgestellt, dass bei <strong>20% <\/strong>der Befragten bereits einmal eine Depression diagnostiziert wurde. Weitere <strong>19%<\/strong> vermuten ohne \u00e4rztliche Diagnose, dass auch Sie schon einmal erkrankt waren. Zwei von f\u00fcnf &#8211; das ist also weit mehr, als eine zu vernachl\u00e4ssigende Minderheit.<\/p>\n\n\n\n<p>Warum ist in den meisten Unternehmen dennoch so wenig \u00fcber die Erkrankungen bekannt? Zum einen sicher, weil viele Betroffene die Diagnose verschweigen. Sie haben Angst, dass es f\u00fcr den Fall der \u00d6ffentlichmachung k\u00fcnftig viel mehr um ihre Krankheit geht und ihre Leistungen nicht mehr im Vordergrund stehen. Vereinfacht und etwas provokativ ausgedr\u00fcckt: Sie haben Angst &#8220;abgestempelt&#8221; zu werden.<\/p>\n\n\n\n<div class=\"wp-block-image\"><figure class=\"aligncenter size-large is-resized\"><img loading=\"lazy\" decoding=\"async\" src=\"https:\/\/marioporten.de\/wp-content\/uploads\/mask-5951789-1024x683.jpg\" alt=\"\" class=\"wp-image-3836\" width=\"504\" height=\"336\" srcset=\"https:\/\/marioporten.de\/wp-content\/uploads\/mask-5951789-1024x683.jpg 1024w, https:\/\/marioporten.de\/wp-content\/uploads\/mask-5951789-300x200.jpg 300w, https:\/\/marioporten.de\/wp-content\/uploads\/mask-5951789-768x512.jpg 768w, https:\/\/marioporten.de\/wp-content\/uploads\/mask-5951789-1536x1025.jpg 1536w, https:\/\/marioporten.de\/wp-content\/uploads\/mask-5951789-2048x1366.jpg 2048w, https:\/\/marioporten.de\/wp-content\/uploads\/mask-5951789-1200x800.jpg 1200w\" sizes=\"auto, (max-width: 504px) 85vw, 504px\" \/><\/figure><\/div>\n\n\n\n<p>Auch auf der Unternehmensseite wird das Thema h\u00e4ufig &#8220;totgeschwiegen&#8221;, wozu mangelndes Wissen und viele im Umlauf befindliche Falschinformationen beitragen. H\u00e4ufig wird z.B. vermutet, dass immer die Arbeit Hauptursache der Depression ist. Dieser Diskussion m\u00f6chten viele F\u00fchrungskr\u00e4fte nat\u00fcrlich ausweichen. Dabei wird oftmals ausgeblendet, dass auch eine erbliche Veranlagung oder die famili\u00e4re Situation eine erhebliche Rolle spielen kann.<\/p>\n\n\n\n<p>Schweigen hilft niemandem &#8211; weder den Betroffnen noch den Unternehmen. Die Studienautoren rufen denn auch dazu auf, in den Unternehmen dringend Basiswissen und Handlungskompetenzen zu Depressionen und Suizidpr\u00e4vention aufzubauen.<\/p>\n\n\n\n<p>Dem kann man nur zustimmen und ganz allgemein m\u00f6chte ich noch anf\u00fcgen: Reden hilft, schweigen nicht &#8211; und das gilt sowohl f\u00fcr Betroffene als auch Arbeitgeber.<\/p>\n\n\n\n<div class=\"wp-block-image\"><figure class=\"alignright size-full is-resized\"><img loading=\"lazy\" decoding=\"async\" src=\"https:\/\/marioporten.de\/wp-content\/uploads\/Wegbegleiter-2022.jpg\" alt=\"\" class=\"wp-image-3826\" width=\"269\" height=\"322\" srcset=\"https:\/\/marioporten.de\/wp-content\/uploads\/Wegbegleiter-2022.jpg 530w, https:\/\/marioporten.de\/wp-content\/uploads\/Wegbegleiter-2022-251x300.jpg 251w\" sizes=\"auto, (max-width: 269px) 85vw, 269px\" \/><\/figure><\/div>\n","protected":false},"excerpt":{"rendered":"<p>In fast jedem Unternehmen d\u00fcrfte es jemanden geben, der bereits einmal an einer Depression erkrankt war bzw. ist. Bekannt ist das h\u00e4ufig nicht, denn die Krankheit wird sowohl von Unternehmen als auch von den Mitarbeitenden oft tabuisiert. Die Stiftung Deutsche Depressionshilfe hat in einer Befragung von 5000 Menschen festgestellt, dass bei 20% der Befragten bereits &hellip; <a href=\"https:\/\/marioporten.de\/?p=3833\" class=\"more-link\"><span class=\"screen-reader-text\">\u201eDepressionen weit verbreitet\u201c <\/span>weiterlesen<\/a><\/p>\n","protected":false},"author":60,"featured_media":1529,"comment_status":"open","ping_status":"open","sticky":false,"template":"","format":"standard","meta":{"footnotes":""},"categories":[5],"tags":[890,25,27,52,893,78,701,891,110,892,289,169,287],"class_list":["post-3833","post","type-post","status-publish","format-standard","has-post-thumbnail","hentry","category-aktuelle-fakten-und-umfragen","tag-depression","tag-erfolg","tag-fuehrung","tag-fuehrungskraefte","tag-gesund-fuehren","tag-gesundheit","tag-new-leadership","tag-selbstfuesorge","tag-selbstreflexion","tag-suizid","tag-verantwortung","tag-work-life-balance","tag-zufriedenheit"],"_links":{"self":[{"href":"https:\/\/marioporten.de\/index.php?rest_route=\/wp\/v2\/posts\/3833","targetHints":{"allow":["GET"]}}],"collection":[{"href":"https:\/\/marioporten.de\/index.php?rest_route=\/wp\/v2\/posts"}],"about":[{"href":"https:\/\/marioporten.de\/index.php?rest_route=\/wp\/v2\/types\/post"}],"author":[{"embeddable":true,"href":"https:\/\/marioporten.de\/index.php?rest_route=\/wp\/v2\/users\/60"}],"replies":[{"embeddable":true,"href":"https:\/\/marioporten.de\/index.php?rest_route=%2Fwp%2Fv2%2Fcomments&post=3833"}],"version-history":[{"count":4,"href":"https:\/\/marioporten.de\/index.php?rest_route=\/wp\/v2\/posts\/3833\/revisions"}],"predecessor-version":[{"id":3838,"href":"https:\/\/marioporten.de\/index.php?rest_route=\/wp\/v2\/posts\/3833\/revisions\/3838"}],"wp:featuredmedia":[{"embeddable":true,"href":"https:\/\/marioporten.de\/index.php?rest_route=\/wp\/v2\/media\/1529"}],"wp:attachment":[{"href":"https:\/\/marioporten.de\/index.php?rest_route=%2Fwp%2Fv2%2Fmedia&parent=3833"}],"wp:term":[{"taxonomy":"category","embeddable":true,"href":"https:\/\/marioporten.de\/index.php?rest_route=%2Fwp%2Fv2%2Fcategories&post=3833"},{"taxonomy":"post_tag","embeddable":true,"href":"https:\/\/marioporten.de\/index.php?rest_route=%2Fwp%2Fv2%2Ftags&post=3833"}],"curies":[{"name":"wp","href":"https:\/\/api.w.org\/{rel}","templated":true}]}}