{"id":4013,"date":"2022-05-07T13:48:35","date_gmt":"2022-05-07T11:48:35","guid":{"rendered":"https:\/\/marioporten.de\/?p=4013"},"modified":"2022-05-07T13:48:36","modified_gmt":"2022-05-07T11:48:36","slug":"arbeitswelt-und-fuehrung-aktuelle-trends-und-umfragen-ausgabe-07-05-2022","status":"publish","type":"post","link":"https:\/\/marioporten.de\/?p=4013","title":{"rendered":"Arbeitswelt und F\u00fchrung: aktuelle Trends und Umfragen, Ausgabe 07.05.2022"},"content":{"rendered":"\n<p>Immer mehr scheinen sich die Indizien zu verdichten, dass \u2013 wo immer es von der Art der Arbeit her m\u00f6glich ist \u2013 hybrides Arbeiten die pr\u00e4ferierte Arbeitsform der Zukunft sein wird. Schon heute ist die Mehrheit der Deutschen, die in Berufen t\u00e4tig ist, in denen Arbeitsort und -zeit flexibel gestaltet werden k\u00f6nnen, hybrid t\u00e4tig.<\/p>\n\n\n\n<p>Die Ergebnisse der aktuellen, globalen Pulse-Studie des Future Forums zeigen f\u00fcr Deutschland eine \u201eHybrid-Quote\u201c von 62%, die damit um vier Prozentpunkte \u00fcber dem globalen Durchschnitt liegt. Damit liegt die Quote immer noch deutlich unter den W\u00fcnschen der Mitarbeitenden, denn von diesen w\u00fcnschten sich sogar 81%, hybrid arbeiten zu k\u00f6nnen. Besonders viel im B\u00fcro arbeiten \u00fcbrigens nach wie vor die F\u00fchrungskr\u00e4fte: 71% der weltweit befragten F\u00fchrungskr\u00e4fte arbeiten derzeit drei oder mehr Tage pro Woche im B\u00fcro. Und drei von vier F\u00fchrungskr\u00e4ften, die aktuell im Homeoffice arbeiten, k\u00f6nnen sich deutlich mehr Zeit im B\u00fcro gut vorstellen \u2013 ein krasser Gegensatz zu den Mitarbeitenden ohne Leitungsverantwortung, da waren es nur 33%.<\/p>\n\n\n\n<div class=\"wp-block-image\"><figure class=\"aligncenter size-large is-resized\"><img loading=\"lazy\" decoding=\"async\" src=\"https:\/\/marioporten.de\/wp-content\/uploads\/home-2618511-1024x683.jpg\" alt=\"\" class=\"wp-image-2870\" width=\"466\" height=\"311\" srcset=\"https:\/\/marioporten.de\/wp-content\/uploads\/home-2618511-1024x683.jpg 1024w, https:\/\/marioporten.de\/wp-content\/uploads\/home-2618511-300x200.jpg 300w, https:\/\/marioporten.de\/wp-content\/uploads\/home-2618511-768x512.jpg 768w, https:\/\/marioporten.de\/wp-content\/uploads\/home-2618511-1536x1024.jpg 1536w, https:\/\/marioporten.de\/wp-content\/uploads\/home-2618511-2048x1365.jpg 2048w, https:\/\/marioporten.de\/wp-content\/uploads\/home-2618511-1200x800.jpg 1200w\" sizes=\"auto, (max-width: 466px) 85vw, 466px\" \/><\/figure><\/div>\n\n\n\n<p>F\u00fcr das Arbeiten im Homeoffice w\u00fcnschen sich die Besch\u00e4ftigten mehr finanzielle Unterst\u00fctzung von ihren Arbeitgebern. Das Trendence-Institut hat 1.800 Menschen befragt und herausgefunden, dass nur 19% Zusch\u00fcsse zur Homeoffice-Ausstattung erhalten haben. Zusch\u00fcsse zu den laufenden Kosten erhalten nur 9%. Die Erwartungshaltung liegt da doch deutlich h\u00f6her, denn 38% halten Zusch\u00fcsse f\u00fcr PC-Ausstattung und schnelles Internet &nbsp;f\u00fcr angemessen. Ein Viertel w\u00fcnscht sich au\u00dferdem eine Beteiligung des Arbeitgebers an einer ergonomischen B\u00fcroausstattung. \u201aViele W\u00fcnsche\u2018, k\u00f6nnte man meinen, doch realistisch betrachtet, wird man sich ann\u00e4hern m\u00fcssen, wenn hybrides Arbeiten wirklich die Zukunft ist. Jedenfalls dann, wenn man seine guten Leute binden oder neue gewinnen will.<\/p>\n\n\n\n<p>Denn schon jetzt leidet das Teamklima unter den Auswirkungen der Pandemie. In einer Befragung der HR-Beratung K\u00f6nigssteiner-Gruppe beklagten 26% der Befragten, dass das Teamklima und insb. der Zusammenhalt im Team unter der Krise leiden. Bei j\u00fcngeren Mitarbeitenden waren es gar 30%. Homeoffice und Videokonferenzen seien zwar produktiv, aber offenbar weniger geeignet, das Wir-Gef\u00fchl und den Zusammenhalt zu st\u00e4rken. Das hat vielleicht auch damit zu tun, dass virtuelle F\u00fchrung f\u00fcr viele F\u00fchrungskr\u00e4fte eine neue Herausforderung darstellt. Wie wichtig dieses Wir-Gef\u00fchl ist, zeigt die Einordnung der Befragten in Bezug auf andere Elemente des Arbeitslebens. 56% der Befragten setzten die Bedeutung des Wir-Gef\u00fchls mit ihrem Gehalt gleich, gar 64% mit dem Verhalten ihrer F\u00fchrungskr\u00e4fte. 61% empfanden es ebenso wichtig wie ihre individuellen Weiterbildungsm\u00f6glichkeiten. F\u00fcr die Arbeitszufriedenheit und damit die Identifikation mit und die Bindung an den Arbeitgeber ist das Team- bzw. Wir-Gef\u00fchl an Bedeutung also kaum zu \u00fcbersch\u00e4tzen.<\/p>\n\n\n\n<div class=\"wp-block-image\"><figure class=\"aligncenter size-full is-resized\"><img loading=\"lazy\" decoding=\"async\" src=\"https:\/\/marioporten.de\/wp-content\/uploads\/hand-1917895.png\" alt=\"\" class=\"wp-image-4015\" width=\"457\" height=\"342\"\/><\/figure><\/div>\n\n\n\n<p>Dieser Aspekt nochmals bedeutender, wenn man einen Blick auf die momentane Wechselbereitschaft der Besch\u00e4ftigten legt. Diese ist aktuell sehr hoch, wie ich bereits in fr\u00fcheren Blogbeitr\u00e4gen dargelegt habe. Xing-Recruiting hat in der DACH-Region aktuell 2.523 Arbeitnehmerinnen und Arbeitnehmer befragt und kommt zu dem Ergebnis, dass sich aktuell 37% (vier Prozentpunkte mehr als im Vorjahr) der Besch\u00e4ftigten vorstellen k\u00f6nnen, den Arbeitgeber zu wechseln oder dies bereits in die Wege geleitet haben. Spannend ist dabei, dass offenbar auch die Risikobereitschaft der Besch\u00e4ftigten gestiegen ist. Von den Besch\u00e4ftigten, die tats\u00e4chlich gek\u00fcndigt haben, hat n\u00e4mlich jeder Vierte gek\u00fcndigt, ohne eine neue Stelle in Aussicht zu haben. Die Menschen sind ganz offenbar also nicht mehr bereit, sich \u201ealles gefallen zu lassen\u201c. Die Hauptgr\u00fcnde \u00fcber eine K\u00fcndigung nachzudenken, waren in dieser Studie:<\/p>\n\n\n\n<ul class=\"wp-block-list\"><li>Besseres Gehalt 42%<\/li><li>Unzufriedenheit mit der Gesch\u00e4ftsf\u00fchrung 38%<\/li><li>Unzufriedenheit mit der direkten F\u00fchrungskraft 30%<\/li><li>Interesse an einer anderen T\u00e4tigkeit 31%<\/li><li>Fehelende Sinnhaftigkeit im Job 26%<\/li><\/ul>\n\n\n\n<p>Doch wie sah es dann tats\u00e4chlich bei denen aus, die auch wirklich gek\u00fcndigt haben? F\u00fcr mich wenig \u00fcberraschend zeigt sich ein anderes Bild, das nicht vom Gehalt dominiert wird. F\u00fcr die tats\u00e4chliche K\u00fcndigung gaben die Befragten folgende Gr\u00fcnde an:<\/p>\n\n\n\n<ul class=\"wp-block-list\"><li>Unzufriedenheit mit der F\u00fchrung 28%<\/li><li>Work-Life-Balance stimmt nicht 27%<\/li><li>M\u00f6chte andere T\u00e4tigkeit aus\u00fcben 24%<\/li><li>Gehalt verbessern 19%<\/li><\/ul>\n\n\n\n<p>Und so zeigt auch diese Studie wieder einmal: \u00dcber Gehalt wird viel gesprochen, im Zweifel ist und bleibt es aber nur ein klassischer Hygienefaktor (nach Herzberg). F\u00fcr die Bindung guter Mitarbeiterinnen und Mitarbeiter, eine gute Stimmung, Motivation und Arbeitszufriedenheit sind andere Faktoren deutlich mehr von Bedeutung.<\/p>\n\n\n\n<div class=\"wp-block-image\"><figure class=\"aligncenter size-full\"><img loading=\"lazy\" decoding=\"async\" width=\"426\" height=\"282\" src=\"https:\/\/marioporten.de\/wp-content\/uploads\/Fotolia_40240235_XS.jpg\" alt=\"\" class=\"wp-image-4016\" srcset=\"https:\/\/marioporten.de\/wp-content\/uploads\/Fotolia_40240235_XS.jpg 426w, https:\/\/marioporten.de\/wp-content\/uploads\/Fotolia_40240235_XS-300x199.jpg 300w\" sizes=\"auto, (max-width: 426px) 85vw, 426px\" \/><\/figure><\/div>\n\n\n\n<p>Angesichts von vielen Arbeitgeberwechseln verwundert es nicht, dass auch im Bereich der Personalabteilungen die Nachfrage nach qualifiziertem Personal gestiegen ist. Dem Fachkr\u00e4fte-Index des Recruiting-Unternehmens Hays zu Folge hat die Nachfrage nach HR-Fachkr\u00e4ften von allen Bereichen am st\u00e4rksten zugenommen. Vom dritten zum vierten Quartal 2021 stieg dieser Index um 80 Punkte auf 310 Punkte an (Basis 2015=100). \u00dcber alle Branchen hinweg war die Nachfrage damit im vierten Quartal 2021 fast doppelt so hoch wie von der Pandemie, also im vierten Quartal 2019. Gute Aussichten also f\u00fcr HR-Fachkr\u00e4fte sich aktuell eine lukrative und gut bezahlte Stelle aussuchen zu k\u00f6nnen.<\/p>\n\n\n\n<p>Zum Schluss noch ein anderes Thema, welches die Bertelsmann Stiftung aufgegriffen hat. Sie setzte sich in einer Befragung von 1.026 F\u00fchrungskr\u00e4ften mit der Frage auseinander, ob es in den Unternehmen eine Geschlechterbenachteiligung gibt oder nicht. Die Ergebnisse fallen sehr eindeutig aus, sind aber nur bedingt ein Grund zum Jubeln:<\/p>\n\n\n\n<ul class=\"wp-block-list\"><li>82% gaben an, in ihrem Unternehmen keine Geschlechterkonflikte zu erleben.<\/li><li>77% glauben, dass in ihrem Unternehmen das Gehalt unabh\u00e4ngig vom Geschlecht gezahlt wird.<\/li><li>70% glauben, dass Diskriminierung bei Neueinstellungen und Bef\u00f6rderungen effektiv vermieden wird.<\/li><\/ul>\n\n\n\n<p>Kein Wunder also, dass viele verbindliche Regelungen, z.B. Frauenquoten oder gendergerechte Sprache f\u00fcr \u00fcberfl\u00fcssig und die Diskussion dar\u00fcber gar f\u00fcr kontraproduktiv halten.<\/p>\n\n\n\n<p>Einen Unterschied in der Bewertung zwischen m\u00e4nnlichen und weiblichen F\u00fchrungskr\u00e4ften stellten die Studienautoren \u00fcbrigens nicht fest! Wohl aber einen Unterschied je nach hierarchischer Position im Unternehmen: Je h\u00f6her die Befragten in der Hierarchie standen, desto weniger Handlungsbedarf sahen sie! Ganz nach dem Motto: \u201eWo ich das Sagen habe, ist nat\u00fcrlich alles in Ordnung.\u201c<\/p>\n\n\n\n<div class=\"wp-block-image\"><figure class=\"aligncenter size-large is-resized\"><img loading=\"lazy\" decoding=\"async\" src=\"https:\/\/marioporten.de\/wp-content\/uploads\/CCI_000176-1024x920.jpg\" alt=\"\" class=\"wp-image-4014\" width=\"514\" height=\"462\" srcset=\"https:\/\/marioporten.de\/wp-content\/uploads\/CCI_000176-1024x920.jpg 1024w, https:\/\/marioporten.de\/wp-content\/uploads\/CCI_000176-300x270.jpg 300w, https:\/\/marioporten.de\/wp-content\/uploads\/CCI_000176-768x690.jpg 768w, https:\/\/marioporten.de\/wp-content\/uploads\/CCI_000176-1536x1380.jpg 1536w, https:\/\/marioporten.de\/wp-content\/uploads\/CCI_000176-2048x1841.jpg 2048w, https:\/\/marioporten.de\/wp-content\/uploads\/CCI_000176-1200x1078.jpg 1200w\" sizes=\"auto, (max-width: 514px) 85vw, 514px\" \/><\/figure><\/div>\n\n\n\n<p>\u201eDas schreit doch alles nach einem Realit\u00e4tscheck!\u201c, m\u00f6chten Sie ausrufen? Das kann ich verstehen und genau zu diesem Ergebnis kommen auch die Autoren dieser Studie. Nur liefern sie diesen Realit\u00e4tscheck leider nicht.<\/p>\n\n\n\n<div class=\"wp-block-image\"><figure class=\"aligncenter size-large is-resized\"><img loading=\"lazy\" decoding=\"async\" src=\"https:\/\/marioporten.de\/wp-content\/uploads\/question-2309040-1024x1024.jpg\" alt=\"\" class=\"wp-image-2850\" width=\"300\" height=\"300\" srcset=\"https:\/\/marioporten.de\/wp-content\/uploads\/question-2309040-1024x1024.jpg 1024w, https:\/\/marioporten.de\/wp-content\/uploads\/question-2309040-300x300.jpg 300w, https:\/\/marioporten.de\/wp-content\/uploads\/question-2309040-150x150.jpg 150w, https:\/\/marioporten.de\/wp-content\/uploads\/question-2309040-768x768.jpg 768w, https:\/\/marioporten.de\/wp-content\/uploads\/question-2309040-1536x1536.jpg 1536w, https:\/\/marioporten.de\/wp-content\/uploads\/question-2309040-2048x2048.jpg 2048w, https:\/\/marioporten.de\/wp-content\/uploads\/question-2309040-1200x1200.jpg 1200w\" sizes=\"auto, (max-width: 300px) 85vw, 300px\" \/><\/figure><\/div>\n\n\n\n<p>Ich sehe mich au\u00dfer Stande, die Einsch\u00e4tzungen der F\u00fchrungskr\u00e4fte zu widerlegen. Genauso sehe ich mich au\u00dfer Stande, sie zu best\u00e4tigen. Best\u00e4tigt sehe ich mich allerdings wieder einmal in meiner These, die mich schon dazu veranlasst hat, zwei B\u00fccher in meiner Reihe <a href=\"https:\/\/www.bod.de\/buchshop\/catalogsearch\/result\/?q=Das+knallrote+Cabrio\" target=\"_blank\" rel=\"noreferrer noopener\">\u201eDas knallrote Cabrio\u201c<\/a> zu schreiben: Eine der wichtigsten F\u00e4higkeiten f\u00fcr F\u00fchrungskr\u00e4fte ist die F\u00e4higkeit zur kritischen Selbstreflexion.<\/p>\n\n\n\n<p class=\"has-text-align-right has-small-font-size\">Alle Studien wurden ver\u00f6ffentlicht in der Ausgabe 5\/2022 von managerseminare.<\/p>\n\n\n\n<div class=\"wp-block-image\"><figure class=\"alignright size-full is-resized\"><img loading=\"lazy\" decoding=\"async\" src=\"https:\/\/marioporten.de\/wp-content\/uploads\/Wegbegleiter-2022.jpg\" alt=\"\" class=\"wp-image-3826\" width=\"214\" height=\"256\" srcset=\"https:\/\/marioporten.de\/wp-content\/uploads\/Wegbegleiter-2022.jpg 530w, https:\/\/marioporten.de\/wp-content\/uploads\/Wegbegleiter-2022-251x300.jpg 251w\" sizes=\"auto, (max-width: 214px) 85vw, 214px\" \/><\/figure><\/div>\n","protected":false},"excerpt":{"rendered":"<p>Immer mehr scheinen sich die Indizien zu verdichten, dass \u2013 wo immer es von der Art der Arbeit her m\u00f6glich ist \u2013 hybrides Arbeiten die pr\u00e4ferierte Arbeitsform der Zukunft sein wird. Schon heute ist die Mehrheit der Deutschen, die in Berufen t\u00e4tig ist, in denen Arbeitsort und -zeit flexibel gestaltet werden k\u00f6nnen, hybrid t\u00e4tig. Die &hellip; <a href=\"https:\/\/marioporten.de\/?p=4013\" class=\"more-link\"><span class=\"screen-reader-text\">\u201eArbeitswelt und F\u00fchrung: aktuelle Trends und Umfragen, Ausgabe 07.05.2022\u201c <\/span>weiterlesen<\/a><\/p>\n","protected":false},"author":60,"featured_media":3973,"comment_status":"open","ping_status":"open","sticky":false,"template":"","format":"standard","meta":{"footnotes":""},"categories":[5],"tags":[25,52,199,911,918,677,701,107,110,917,37,287],"class_list":["post-4013","post","type-post","status-publish","format-standard","has-post-thumbnail","hentry","category-aktuelle-fakten-und-umfragen","tag-erfolg","tag-fuehrungskraefte","tag-homeoffice","tag-hybrides-arbeiten","tag-neuer-arbeitgeber","tag-neuer-job","tag-new-leadership","tag-new-work","tag-selbstreflexion","tag-stellenwechsel","tag-veraenderung","tag-zufriedenheit"],"_links":{"self":[{"href":"https:\/\/marioporten.de\/index.php?rest_route=\/wp\/v2\/posts\/4013","targetHints":{"allow":["GET"]}}],"collection":[{"href":"https:\/\/marioporten.de\/index.php?rest_route=\/wp\/v2\/posts"}],"about":[{"href":"https:\/\/marioporten.de\/index.php?rest_route=\/wp\/v2\/types\/post"}],"author":[{"embeddable":true,"href":"https:\/\/marioporten.de\/index.php?rest_route=\/wp\/v2\/users\/60"}],"replies":[{"embeddable":true,"href":"https:\/\/marioporten.de\/index.php?rest_route=%2Fwp%2Fv2%2Fcomments&post=4013"}],"version-history":[{"count":1,"href":"https:\/\/marioporten.de\/index.php?rest_route=\/wp\/v2\/posts\/4013\/revisions"}],"predecessor-version":[{"id":4017,"href":"https:\/\/marioporten.de\/index.php?rest_route=\/wp\/v2\/posts\/4013\/revisions\/4017"}],"wp:featuredmedia":[{"embeddable":true,"href":"https:\/\/marioporten.de\/index.php?rest_route=\/wp\/v2\/media\/3973"}],"wp:attachment":[{"href":"https:\/\/marioporten.de\/index.php?rest_route=%2Fwp%2Fv2%2Fmedia&parent=4013"}],"wp:term":[{"taxonomy":"category","embeddable":true,"href":"https:\/\/marioporten.de\/index.php?rest_route=%2Fwp%2Fv2%2Fcategories&post=4013"},{"taxonomy":"post_tag","embeddable":true,"href":"https:\/\/marioporten.de\/index.php?rest_route=%2Fwp%2Fv2%2Ftags&post=4013"}],"curies":[{"name":"wp","href":"https:\/\/api.w.org\/{rel}","templated":true}]}}