{"id":4148,"date":"2022-08-23T07:28:17","date_gmt":"2022-08-23T05:28:17","guid":{"rendered":"https:\/\/marioporten.de\/?p=4148"},"modified":"2022-08-23T07:28:18","modified_gmt":"2022-08-23T05:28:18","slug":"auf-dem-jakobsweg-10-fragen-an-karl-heinz-bahr","status":"publish","type":"post","link":"https:\/\/marioporten.de\/?p=4148","title":{"rendered":"Auf dem Jakobsweg \u2013 10 Fragen an Karl-Heinz Bahr"},"content":{"rendered":"\n<p class=\"has-small-font-size\"><em>Zum Hintergrund:<br>Karl-Heinz Bahr und ich kennen uns aus gemeinsamen Zeiten in der Sparkassenorganisation. In schwierigen Phasen von Fusion und Reorganisation hatten wir aus unseren Funktionen heraus, oft unterschiedliche Stand- und Schwerpunkte zu vertreten: Karl-Heinz Bahr als Vorsitzender der Personalvertretung und ich als Vorsitzender des Vorstandes. Nach dem Ausscheiden aus dem aktiven Sparkassendienst ist Karl-Heinz Bahr auf den Jakobsweg gegangen, was Anlass f\u00fcr ein Wiedersehen und dieses Interview war.<\/em><\/p>\n\n\n\n<p>Lieber Herr Bahr, sch\u00f6n Sie nach so vielen Jahren wiederzusehen! Ich freue mich, dass Sie bereit sind, Ihre Erfahrungen auf dem Jakobsweg mit meinen Leserinnen und Lesern zu teilen \u2013 danke daf\u00fcr!<\/p>\n\n\n\n<p>Wie lange und von wo nach wo sind Sie auf dem Jakobsweg gewandert?<\/p>\n\n\n\n<p class=\"has-bright-blue-color has-text-color\">Ich bin die letzten gut 115 km von Sarria nach Santiago de Compostela gewandert. Hierf\u00fcr habe ich mir 5 Tage Zeit genommen.<\/p>\n\n\n\n<p>Wie kam es zu dem Entschluss, auf den Jakobsweg zu gehen, eher spontan oder war das schon lange geplant?<\/p>\n\n\n\n<p class=\"has-bright-blue-color has-text-color\">Das war kein spontaner Entschluss. Inspiriert wurde ich durch Harpe Kerkelings Buch \u201eIch bin dann mal weg\u201c. Mit meiner Entscheidung einen Altersteilzeitvertrag abzuschlie\u00dfen, kam dann auch die Idee, das Arbeitsleben mit einer Wanderung auf dem Jakobsweg zu beenden und sich auf dem Weg Gedanken \u00fcber den \u201eletzten\u201c Lebensabschnitt zu machen.<\/p>\n\n\n\n<p>Wie haben Sie Ihre Reise organisiert, was waren dabei die gr\u00f6\u00dften Herausforderungen?<\/p>\n\n\n\n<p class=\"has-bright-blue-color has-text-color\">Ich habe gewisserma\u00dfen die \u201eLuxusvariante\u201c gebucht. Meine Unterk\u00fcnfte waren im Vorwege gebucht und mein Gep\u00e4ck wurde von einer Unterkunft zur n\u00e4chsten transportiert, so dass ich nur die Tagesverpflegung tragen musste. Ein Kollege hatte mich auf einen Veranstalter aufmerksam gemacht, mit dem er gute Erfahrungen gemacht hat. Da ich andererseits ein sparsamer Mensch bin, habe ich die Anreise selbst organisiert. Das war dann auch die gr\u00f6\u00dfte Herausforderung, weil mich Fragen besch\u00e4ftigt haben wie: \u201eKlappt das mit den Fl\u00fcgen?\u201c, \u201eWie komme ich vom Flugplatz in Santiago zu meiner Unterkunft?\u201c, \u201eWie komme ich von Santiago nach Sarria?\u201c, \u201eWas ist mit den Corona-Bestimmungen?\u201c und noch ein paar weitere eigentlich belanglose Fragen, die haben mich aber so besch\u00e4ftigt, dass ich auch \u00fcber eine Stornierung der Reise nachgedacht habe.<\/p>\n\n\n\n<p class=\"has-bright-blue-color has-text-color\">In der Nachbetrachtung war alles kein Problem. Ich habe mir unbegr\u00fcndete Gedanken gemacht.<\/p>\n\n\n<div class=\"wp-block-image\">\n<figure class=\"aligncenter size-large is-resized\"><img loading=\"lazy\" decoding=\"async\" src=\"https:\/\/marioporten.de\/wp-content\/uploads\/mystisch-1024x768.jpg\" alt=\"\" class=\"wp-image-4153\" width=\"482\" height=\"361\" srcset=\"https:\/\/marioporten.de\/wp-content\/uploads\/mystisch-1024x768.jpg 1024w, https:\/\/marioporten.de\/wp-content\/uploads\/mystisch-300x225.jpg 300w, https:\/\/marioporten.de\/wp-content\/uploads\/mystisch-768x576.jpg 768w, https:\/\/marioporten.de\/wp-content\/uploads\/mystisch-1536x1152.jpg 1536w, https:\/\/marioporten.de\/wp-content\/uploads\/mystisch-2048x1536.jpg 2048w, https:\/\/marioporten.de\/wp-content\/uploads\/mystisch-1200x900.jpg 1200w\" sizes=\"auto, (max-width: 482px) 85vw, 482px\" \/><\/figure>\n<\/div>\n\n\n<p>Sie haben sich entschlossen, allein zu wandern, warum?<br>Waren Sie auf Ihrer Wanderung dann auch tats\u00e4chlich allein?<\/p>\n\n\n\n<p class=\"has-bright-blue-color has-text-color\">H\u00f6rt sich komisch an, aber ich wollte mein bisheriges Leben betrachten. Was war gut, was h\u00e4tte ich anders machen k\u00f6nnen? Und dann gewisserma\u00dfen den Reset-Knopf dr\u00fccken und \u00fcberlegen: Was kommt jetzt? Was will ich mit der \u201eneuen Freiheit\u201c anfangen? Es ist ja nicht nur mein Arbeitsleben zu Ende gegangen, auch famili\u00e4r gibt es Ver\u00e4nderungen. Zwei meiner drei Kinder sind aus dem Haus und die Dritte ist mit ihren 15 Jahren auch so weit, dass sie mehr und mehr ihren eigenen Weg geht.<\/p>\n\n\n\n<p class=\"has-bright-blue-color has-text-color\">Grunds\u00e4tzlich war ich allein. Aber es gab immer wieder Momente, in denen ich mit anderen \u201eWanderern\u201c zusammengegangen bin und wir uns unterhalten haben.<\/p>\n\n\n\n<p>Welche Begegnung wird Ihnen besonders in Erinnerung bleiben und warum?<\/p>\n\n\n\n<p class=\"has-bright-blue-color has-text-color\">Da kann ich keine einzelne Begegnung herausheben. Es sind so unterschiedliche Menschen jeden Alters auf diesem Weg, dass jede Begegnung etwas Besonderes ist.<\/p>\n\n\n\n<p>R\u00fcckblickend betrachtet: Was war die gr\u00f6\u00dfte Herausforderung auf Ihrer Wanderung? Was war das sch\u00f6nste Erlebnis?<\/p>\n\n\n\n<p class=\"has-bright-blue-color has-text-color\">Die gr\u00f6\u00dfte Herausforderung war f\u00fcr mich, erst einmal anzukommen, mich auf den Weg einzulassen. Am ersten Tag bin ich viel zu schnell losgegangen. Nach knapp 3 km war ich schon so aus der Puste, dass ich mich gefragt habe: \u201eWas mache ich hier \u00fcberhaupt?\u201c<br>\u201eWarum laufe ich eigentlich so schnell?\u201c<\/p>\n\n\n\n<p class=\"has-bright-blue-color has-text-color\">Als sch\u00f6nstes Erlebnis m\u00f6chte ich dann doch zwei nennen.<\/p>\n\n\n\n<p class=\"has-bright-blue-color has-text-color\">Das war am vierten Tag als ich kurz vor meinem Tagesziel durch einen Eukalyptuswald ging. Vor mir weit und breit kein Mensch, hinter mir auch niemand zu sehen, es war tolles Wetter, eine sehr sch\u00f6ne Landschaft und ich war nur f\u00fcr mich. Das war ein sch\u00f6ner Moment, den ich sehr genossen habe.<\/p>\n\n\n\n<p class=\"has-bright-blue-color has-text-color\">Das Zweite war die Ankunft in Santiago. Der Moment: Ich habe es geschafft! Ich bin 115km in f\u00fcnf Tagen gegangen und mir geht es gut. Und dann die unbeschreibliche Atmosph\u00e4re in Santiago.<\/p>\n\n\n<div class=\"wp-block-image\">\n<figure class=\"aligncenter size-large is-resized\"><img loading=\"lazy\" decoding=\"async\" src=\"https:\/\/marioporten.de\/wp-content\/uploads\/der-Weg-1024x768.jpeg\" alt=\"\" class=\"wp-image-4152\" width=\"490\" height=\"367\" srcset=\"https:\/\/marioporten.de\/wp-content\/uploads\/der-Weg-1024x768.jpeg 1024w, https:\/\/marioporten.de\/wp-content\/uploads\/der-Weg-300x225.jpeg 300w, https:\/\/marioporten.de\/wp-content\/uploads\/der-Weg-768x576.jpeg 768w, https:\/\/marioporten.de\/wp-content\/uploads\/der-Weg-1536x1152.jpeg 1536w, https:\/\/marioporten.de\/wp-content\/uploads\/der-Weg-2048x1536.jpeg 2048w, https:\/\/marioporten.de\/wp-content\/uploads\/der-Weg-1200x900.jpeg 1200w\" sizes=\"auto, (max-width: 490px) 85vw, 490px\" \/><\/figure>\n<\/div>\n\n\n<p>Man sagt: \u201eAuf dem Jakobsweg findet man zu sich selbst!\u201c Ist Ihnen das gelungen und wenn ja, wie war dieses Erlebnis?<\/p>\n\n\n\n<p class=\"has-bright-blue-color has-text-color\">Ja, das ist mir gelungen. Aber es hat etwas mehr als einen Tag gebraucht.<\/p>\n\n\n\n<p class=\"has-bright-blue-color has-text-color\">Es war gut, mir mal in Ruhe und mit ausreichend Zeit, Gedanken \u00fcber mein bisheriges Leben zu machen. Diese Zeit habe ich mir vorher zu wenig genommen.<\/p>\n\n\n\n<p>Was bleibt von dieser Reise als dauerhafte Erkenntnis \u00fcbrig?<\/p>\n\n\n\n<p class=\"has-bright-blue-color has-text-color\">Es war eine sch\u00f6ne Erfahrung und da ich ein bisschen Tagebuch gef\u00fchrt habe, kann ich mir diese Zeit immer wieder vor Augen f\u00fchren.<\/p>\n\n\n\n<p class=\"has-bright-blue-color has-text-color\">Und ich werde mir wieder so eine Auszeit g\u00f6nnen. Ich bin davon \u00fcberzeugt, es tut Seele und K\u00f6rper gut und ich h\u00e4tte es schon viel fr\u00fcher machen sollen.<\/p>\n\n\n\n<p class=\"has-bright-blue-color has-text-color\">(mit einem L\u00e4cheln) Au\u00dferdem sollte ich mein Englisch aufbessern. Ich habe mich schon ge\u00e4rgert, dass ich mich nicht besser verst\u00e4ndigen konnte.<\/p>\n\n\n\n<p>W\u00fcrden Sie nochmal auf den Jakobsweg gehen und wenn ja, was w\u00fcrden Sie anders machen?<\/p>\n\n\n\n<p class=\"has-bright-blue-color has-text-color\">Ob ich noch mal auf den Jakobsweg gehen werde, wei\u00df ich noch nicht. Aber ich werde so eine Wanderung noch einmal machen. Und dann nicht die Luxusvariante, sondern mit wenig Gep\u00e4ck und ohne vorgebuchte Unterk\u00fcnfte. Man braucht auch nicht viel Gep\u00e4ck. Wenn man ein T-Shirt 3 Tage anzieht \u2013 das merkt doch keiner. Die ungef\u00e4hre Strecke und Teiletappen festzulegen, ich glaube, das reicht.<\/p>\n\n\n\n<p class=\"has-bright-blue-color has-text-color\">Und ich war ja anschlie\u00dfend noch in Paris. Das war dann zu viel. Ein Folgeprogramm w\u00fcrde ich also nicht mehr machen. Vielleicht einen Tag extra am Zielort, aber mehr auch nicht.<\/p>\n\n\n<div class=\"wp-block-image\">\n<figure class=\"aligncenter size-large is-resized\"><img loading=\"lazy\" decoding=\"async\" src=\"https:\/\/marioporten.de\/wp-content\/uploads\/Aufstieg-768x1024.jpg\" alt=\"\" class=\"wp-image-4151\" width=\"452\" height=\"603\" srcset=\"https:\/\/marioporten.de\/wp-content\/uploads\/Aufstieg-768x1024.jpg 768w, https:\/\/marioporten.de\/wp-content\/uploads\/Aufstieg-225x300.jpg 225w, https:\/\/marioporten.de\/wp-content\/uploads\/Aufstieg-1152x1536.jpg 1152w, https:\/\/marioporten.de\/wp-content\/uploads\/Aufstieg-1536x2048.jpg 1536w, https:\/\/marioporten.de\/wp-content\/uploads\/Aufstieg-1200x1600.jpg 1200w, https:\/\/marioporten.de\/wp-content\/uploads\/Aufstieg-scaled.jpg 1920w\" sizes=\"auto, (max-width: 452px) 85vw, 452px\" \/><\/figure>\n<\/div>\n\n\n<p>Wie Sie wissen, arbeite ich inzwischen als Business Coach und h\u00e4ufig mit Klienten, die sich beruflich in sehr herausfordernden und stressbeladenen Situationen befinden. W\u00fcrden Sie meinen Klienten eine Wanderung auf dem Jakobsweg empfehlen und welche Voraussetzungen m\u00fcssen erf\u00fcllt sein, damit es ein positives Erlebnis wird?<\/p>\n\n\n\n<p class=\"has-bright-blue-color has-text-color\">Das kann ich nicht eindeutig beantworten. Es ist ein guter Weg, um zu entschleunigen. Aber <strong>ich<\/strong> muss es wollen. Es kann kein anderer sagen, Du musst es tun.<\/p>\n\n\n\n<p class=\"has-bright-blue-color has-text-color\">Wichtig war f\u00fcr mich, mich um nichts anderes zu k\u00fcmmern, Job und Familie d\u00fcrfen keine Rolle spielen.<\/p>\n\n\n\n<p class=\"has-bright-blue-color has-text-color\">Mir war zwar wichtig, meiner Frau per WhatsApp zu schreiben, was ich gemacht habe und wie es mir geht. Wir haben aber nicht telefoniert. Das war vorher auch so abgesprochen und f\u00fcr mich war es gut so. Und f\u00fcr meine Frau war es auch in Ordnung.<\/p>\n\n\n\n<p>Zum Abschluss: Wenn ich Ihre Frau fragen w\u00fcrde, ob die Wanderung auf dem Jakobsweg Sie ver\u00e4ndert hat, was w\u00fcrde sie mir sagen?<\/p>\n\n\n\n<p class=\"has-bright-blue-color has-text-color\">Vielleicht nicht, dass ich mich ver\u00e4ndert habe, aber bewusster mit der Zukunft umgehe. Insofern hat es mir f\u00fcr die Gestaltung des Ruhestandes sehr gut geholfen.<\/p>\n\n\n\n<p>Lieber Herr Bahr, ich bedanke mich sehr f\u00fcr dieses Gespr\u00e4ch!<\/p>\n\n\n\n<p class=\"has-bright-blue-color has-text-color\">Sehr geehrter Herr Porten, ich bedanke mich ebenfalls bei Ihnen, dass wir nach so langer Zeit mal wieder miteinander reden konnten. Ich hatte schon l\u00e4nger das Bed\u00fcrfnis, mich mit Ihnen \u00fcber Ihre Zeit nach der Sparkasse auszutauschen. Vielen Dank auch von mir f\u00fcr das Gespr\u00e4ch.<\/p>\n\n\n<div class=\"wp-block-image\">\n<figure class=\"alignright size-full is-resized\"><img loading=\"lazy\" decoding=\"async\" src=\"https:\/\/marioporten.de\/wp-content\/uploads\/Wegbegleiter-2022.jpg\" alt=\"\" class=\"wp-image-3826\" width=\"170\" height=\"203\" srcset=\"https:\/\/marioporten.de\/wp-content\/uploads\/Wegbegleiter-2022.jpg 530w, https:\/\/marioporten.de\/wp-content\/uploads\/Wegbegleiter-2022-251x300.jpg 251w\" sizes=\"auto, (max-width: 170px) 85vw, 170px\" \/><\/figure>\n<\/div>\n\n\n<p class=\"has-small-font-size\"><em>Alle Fotos in diesem Blogbeitrag wurden mir freundlicherweise von Karl-Heinz Bahr zur Verf\u00fcgung gestellt. Die Bildrechte liegen bei Herrn Bahr.<\/em><\/p>\n","protected":false},"excerpt":{"rendered":"<p>Zum Hintergrund:Karl-Heinz Bahr und ich kennen uns aus gemeinsamen Zeiten in der Sparkassenorganisation. In schwierigen Phasen von Fusion und Reorganisation hatten wir aus unseren Funktionen heraus, oft unterschiedliche Stand- und Schwerpunkte zu vertreten: Karl-Heinz Bahr als Vorsitzender der Personalvertretung und ich als Vorsitzender des Vorstandes. Nach dem Ausscheiden aus dem aktiven Sparkassendienst ist Karl-Heinz Bahr &hellip; <a href=\"https:\/\/marioporten.de\/?p=4148\" class=\"more-link\"><span class=\"screen-reader-text\">\u201eAuf dem Jakobsweg \u2013 10 Fragen an Karl-Heinz Bahr\u201c <\/span>weiterlesen<\/a><\/p>\n","protected":false},"author":60,"featured_media":4154,"comment_status":"open","ping_status":"open","sticky":false,"template":"","format":"standard","meta":{"footnotes":""},"categories":[1,115],"tags":[932,25,931,110,933,37,287],"class_list":["post-4148","post","type-post","status-publish","format-standard","has-post-thumbnail","hentry","category-allgemein","category-impulse","tag-entschleunigung","tag-erfolg","tag-jakobsweg","tag-selbstreflexion","tag-sich-selbst-finden","tag-veraenderung","tag-zufriedenheit"],"_links":{"self":[{"href":"https:\/\/marioporten.de\/index.php?rest_route=\/wp\/v2\/posts\/4148","targetHints":{"allow":["GET"]}}],"collection":[{"href":"https:\/\/marioporten.de\/index.php?rest_route=\/wp\/v2\/posts"}],"about":[{"href":"https:\/\/marioporten.de\/index.php?rest_route=\/wp\/v2\/types\/post"}],"author":[{"embeddable":true,"href":"https:\/\/marioporten.de\/index.php?rest_route=\/wp\/v2\/users\/60"}],"replies":[{"embeddable":true,"href":"https:\/\/marioporten.de\/index.php?rest_route=%2Fwp%2Fv2%2Fcomments&post=4148"}],"version-history":[{"count":4,"href":"https:\/\/marioporten.de\/index.php?rest_route=\/wp\/v2\/posts\/4148\/revisions"}],"predecessor-version":[{"id":4156,"href":"https:\/\/marioporten.de\/index.php?rest_route=\/wp\/v2\/posts\/4148\/revisions\/4156"}],"wp:featuredmedia":[{"embeddable":true,"href":"https:\/\/marioporten.de\/index.php?rest_route=\/wp\/v2\/media\/4154"}],"wp:attachment":[{"href":"https:\/\/marioporten.de\/index.php?rest_route=%2Fwp%2Fv2%2Fmedia&parent=4148"}],"wp:term":[{"taxonomy":"category","embeddable":true,"href":"https:\/\/marioporten.de\/index.php?rest_route=%2Fwp%2Fv2%2Fcategories&post=4148"},{"taxonomy":"post_tag","embeddable":true,"href":"https:\/\/marioporten.de\/index.php?rest_route=%2Fwp%2Fv2%2Ftags&post=4148"}],"curies":[{"name":"wp","href":"https:\/\/api.w.org\/{rel}","templated":true}]}}