{"id":472,"date":"2017-05-22T11:54:42","date_gmt":"2017-05-22T09:54:42","guid":{"rendered":"http:\/\/blogg.marioporten.de\/?p=472"},"modified":"2017-05-22T11:54:42","modified_gmt":"2017-05-22T09:54:42","slug":"fuehrungskraefte-fuehlen-sich-auf-die-digitalisierung-schlecht-vorbereitet","status":"publish","type":"post","link":"https:\/\/marioporten.de\/?p=472","title":{"rendered":"F\u00fchrungskr\u00e4fte f\u00fchlen sich auf die Digitalisierung schlecht vorbereitet"},"content":{"rendered":"<p>Wie gut sind deutsche F\u00fchrungskr\u00e4fte auf die nicht aufzuhaltende Digitalisierung vorbereitet? Nicht gut offenbar, denn mehr als vier von f\u00fcnf (81%) der befragten F\u00fchrungskr\u00e4fte haben in einer aktuellen Studie der Personalberatung Boyden in Zusammenarbeit mit der EBS Business School (ver\u00f6ffentlich in <em>managerseminare<\/em> 6\/2017) ihre eigene Vorbereitung auf das Thema ebenso wie die ihrer Kollegen als nicht gut eingesch\u00e4tzt. Von den befragten 186 F\u00fchrungskr\u00e4ften haben nur 16% ihre Vorbereitung als gut oder sehr gut eingesch\u00e4tzt.<\/p>\n<p>Weitere wichtige Eigenschaften der F\u00fchrungskr\u00e4fte im Rahmen der Digitalisierung sind der Studie zu Folge u.a.:<\/p>\n<p>Transformationserfahrung \u00a0 \u00a0 \u00a0 \u00a0 \u00a0 \u00a0 \u00a0 \u00a0 \u00a0 \u00a0 \u00a0 \u00a0 \u00a0 \u00a0 \u00a0 \u00a0 \u00a0 \u00a0 \u00a046%<br \/>\nImpulsgeber f\u00fcr neue Wege \u00a0 \u00a0 \u00a0 \u00a0 \u00a0 \u00a0 \u00a0 \u00a0 \u00a0 \u00a0 \u00a0 \u00a0 \u00a0 \u00a0 \u00a0 \u00a0 \u00a0 \u00a0 34%<br \/>\nStrategien mit Weitblick und Vision \u00a0 \u00a0 \u00a0 \u00a0 \u00a0 \u00a0 \u00a0 \u00a0 \u00a0 \u00a0 \u00a0 \u00a027%<\/p>\n<p>Interessant ist, dass fast zwei Drittel (62%) der Befragten davon ausgehen, dass sich die F\u00fchrungsmannschaften in Zukunft rasch verj\u00fcngen werden. Junge F\u00fchrungskr\u00e4fte gelten offenbar als offener und experimentierfreudiger, so dass ihnen der digitale Wandel eher zugetraut wird. Bleibt zu hoffen, dass dies viele junge Leute auch motiviert, sich der F\u00fchrungsverantwortung zu stellen. Die zuletzt ver\u00f6ffentlichten Umfrageergebnisse deuteten darauf allerdings nicht unbedingt hin. Die Karrierechancen zeichnen sich jedenfalls ab.<\/p>\n<p><img loading=\"lazy\" decoding=\"async\" class=\"alignnone wp-image-474\" src=\"http:\/\/blogg.marioporten.de\/wp-content\/uploads\/Fotolia_Digital_S.jpg\" alt=\"\" width=\"770\" height=\"482\" srcset=\"https:\/\/marioporten.de\/wp-content\/uploads\/Fotolia_Digital_S.jpg 876w, https:\/\/marioporten.de\/wp-content\/uploads\/Fotolia_Digital_S-300x188.jpg 300w, https:\/\/marioporten.de\/wp-content\/uploads\/Fotolia_Digital_S-768x480.jpg 768w\" sizes=\"auto, (max-width: 709px) 85vw, (max-width: 909px) 67vw, (max-width: 984px) 61vw, (max-width: 1362px) 45vw, 600px\" \/><\/p>\n<p>Wie auch immer es wirklich sein wird, ist eines klar: F\u00fchrung wird sich erheblich ver\u00e4ndern. Neue Herausforderungen werden an die F\u00fchrungskr\u00e4fte gestellt, die so oder so intensiv an sich selbst und mit ihren Teams arbeiten m\u00fcssen.<\/p>\n<p>Da kann ja vielleicht auch der ein oder andere externe Unterst\u00fctzer nicht schaden. Eine hohe Expertise im Thema Digitalisierung speziell mit dem Fokus auf die daraus resultierenden Ver\u00e4nderungen f\u00fcr die Unternehmenskultur und die F\u00fchrung in Unternehmen haben sich meine Hamburger Kolleginnen und Kollegen der HR- und Strategieberatung Baumgartner &amp; Co \u00a0angeeignet. Hier stehen spezielle umfangreiche Unterst\u00fctzungen, etwa die digitale Transformations-Werkstatt ebenso zur Verf\u00fcgung wie auch Einstiegsseminare mit erfahrenen Experten, wie z.B. &#8220;Digital Leadership&#8221; an der B&amp;C Akademie. \u00a0Es lohnt sich auf jeden Fall, weitere Informationen einzuholen, zumal die ersten Veranstaltungen bereits in Juni starten und gut gebucht sind.<\/p>\n<p>Meine Kollegen freuen sich \u00fcber Ihren virtuellen Besuch auf Ihrer Website:\u00a0<a href=\"http:\/\/neu.baumgartnerco.de\/de\" target=\"_blank\" rel=\"noopener noreferrer\">http:\/\/neu.baumgartnerco.de\/de<\/a><\/p>\n<p>F\u00fchren hei\u00dft lebenslanges lernen &#8211; die Digitalisierung beschleunigt dies zweifelsohne und stellt uns alle vor neue Herausforderungen. Viel Erfolg!<\/p>\n<p>&nbsp;<\/p>\n<p>&nbsp;<\/p>\n<p>&nbsp;<\/p>\n","protected":false},"excerpt":{"rendered":"<p>Wie gut sind deutsche F\u00fchrungskr\u00e4fte auf die nicht aufzuhaltende Digitalisierung vorbereitet? Nicht gut offenbar, denn mehr als vier von f\u00fcnf (81%) der befragten F\u00fchrungskr\u00e4fte haben in einer aktuellen Studie der Personalberatung Boyden in Zusammenarbeit mit der EBS Business School (ver\u00f6ffentlich in managerseminare 6\/2017) ihre eigene Vorbereitung auf das Thema ebenso wie die ihrer Kollegen als &hellip; <a href=\"https:\/\/marioporten.de\/?p=472\" class=\"more-link\"><span class=\"screen-reader-text\">\u201eF\u00fchrungskr\u00e4fte f\u00fchlen sich auf die Digitalisierung schlecht vorbereitet\u201c <\/span>weiterlesen<\/a><\/p>\n","protected":false},"author":1,"featured_media":473,"comment_status":"open","ping_status":"open","sticky":false,"template":"","format":"standard","meta":{"footnotes":""},"categories":[5],"tags":[],"class_list":["post-472","post","type-post","status-publish","format-standard","has-post-thumbnail","hentry","category-aktuelle-fakten-und-umfragen"],"_links":{"self":[{"href":"https:\/\/marioporten.de\/index.php?rest_route=\/wp\/v2\/posts\/472","targetHints":{"allow":["GET"]}}],"collection":[{"href":"https:\/\/marioporten.de\/index.php?rest_route=\/wp\/v2\/posts"}],"about":[{"href":"https:\/\/marioporten.de\/index.php?rest_route=\/wp\/v2\/types\/post"}],"author":[{"embeddable":true,"href":"https:\/\/marioporten.de\/index.php?rest_route=\/wp\/v2\/users\/1"}],"replies":[{"embeddable":true,"href":"https:\/\/marioporten.de\/index.php?rest_route=%2Fwp%2Fv2%2Fcomments&post=472"}],"version-history":[{"count":3,"href":"https:\/\/marioporten.de\/index.php?rest_route=\/wp\/v2\/posts\/472\/revisions"}],"predecessor-version":[{"id":478,"href":"https:\/\/marioporten.de\/index.php?rest_route=\/wp\/v2\/posts\/472\/revisions\/478"}],"wp:featuredmedia":[{"embeddable":true,"href":"https:\/\/marioporten.de\/index.php?rest_route=\/wp\/v2\/media\/473"}],"wp:attachment":[{"href":"https:\/\/marioporten.de\/index.php?rest_route=%2Fwp%2Fv2%2Fmedia&parent=472"}],"wp:term":[{"taxonomy":"category","embeddable":true,"href":"https:\/\/marioporten.de\/index.php?rest_route=%2Fwp%2Fv2%2Fcategories&post=472"},{"taxonomy":"post_tag","embeddable":true,"href":"https:\/\/marioporten.de\/index.php?rest_route=%2Fwp%2Fv2%2Ftags&post=472"}],"curies":[{"name":"wp","href":"https:\/\/api.w.org\/{rel}","templated":true}]}}