{"id":4858,"date":"2024-07-22T05:01:00","date_gmt":"2024-07-22T03:01:00","guid":{"rendered":"https:\/\/marioporten.de\/?p=4858"},"modified":"2024-07-18T10:05:39","modified_gmt":"2024-07-18T08:05:39","slug":"4858","status":"publish","type":"post","link":"https:\/\/marioporten.de\/?p=4858","title":{"rendered":""},"content":{"rendered":"\n<p>Am vergangenen Freitag haben auch in unserem Bundesland die Sommerferien begonnen und die Sch\u00fclerinnen und Sch\u00fcler freuen sich auf sechs Wochen Schulpause.<\/p>\n\n\n\n<p>Auch von vielen anderen Seiten h\u00f6re bzw. lese ich aktuell wieder spannende Aussagen. Auf meinem Tageskalender steht beispielsweise: \u201cUrlaub ist sch\u00f6nste Zeit im Jahr\u201c. In einem Telefonat sagte eine F\u00fchrungskraft gestern zu mir: \u201eEndlich raus hier und weg in die Sonne, wird auch Zeit f\u00fcr eine Pause von dem Laden hier.\u201c Und schlie\u00dflich sagte ein weiterer Klient zu mir: \u201eIch bin erst in der zweiten Ferienh\u00e4lfte dran, dann aber komme ich endlich hier raus.\u201c<\/p>\n\n\n\n<p>Nun m\u00f6chte ich keinesfalls falsch verstanden werden und kann nat\u00fcrlich sehr gut nachempfinden, dass Menschen sich auf ihren Urlaub freuen, und den g\u00f6nne ich jedem. Doch es macht mich schon nachdenklich, wie sehr manche Menschen auf ihren Urlaub geradezu \u201ehinfiebern\u201c und wie negativ die Beschreibungen ihrer Arbeit bzw. ihrer Unternehmen sind. Ob wir wollen oder nicht, Arbeit wird f\u00fcr die allermeisten Menschen der weit \u00fcberwiegende Zeitraum im Leben sein und es ist fraglich, ob es wirklich sinnvoll ist, diese nur auszuhalten, weil irgendwann der Urlaub kommt. Jedenfalls scheint mir das manchmal so.<\/p>\n\n\n\n<p>Viel lieber w\u00fcrde ich z.B. einen Satz h\u00f6ren, der etwa wie folgt lauten k\u00f6nnte: \u201eMir geht\u2019s auch hier total gut und ich f\u00fchle mich prima, aber ich freue mich auch darauf, bald ein paar Wochen andere Leute und Gegebenheiten kennenzulernen.\u201c<\/p>\n\n\n\n<p>Ich hoffe, Sie merken den Unterschied. Urlaub ist sch\u00f6n, aber eben nicht das Einzige, was mich den Alltag \u00fcberhaupt noch ertragen l\u00e4sst. Stellen Sie sich vor, welch ungeheure Erwartungen Sie auf den Urlaub fokussieren, wenn das die \u201eeinzig sch\u00f6ne Zeit im Jahr ist\u201c. Wer Erwartungen hat, kann entt\u00e4uscht werden und wer so gro\u00dfe Erwartungen an den Urlaub hat, na ja, den Rest spare ich mir.<\/p>\n\n\n\n<p>Falls Sie also Ihren aktuellen Job nur noch ertragen, weil Sie bald Urlaub haben, dann ist es sicher an der Zeit, sich ein paar ganz grundlegende Fragen zu stellen, denn auf Dauer wird dieser Modus nicht funktionieren. Das muss nicht unbedingt ein Jobwechsel sein, sondern kann auch eine Ver\u00e4nderung der inneren Einstellung, ein kl\u00e4rendes Gespr\u00e4ch mit dem Chef und\/oder den Kolleginnen und Kollegen oder eine neue interne Aufgabe sein. Auf jeden Fall sollten Sie schauen, wie Sie mehr Zufriedenheit erreichen k\u00f6nnen, die nicht davon abh\u00e4ngig ist, dass Sie m\u00f6glichst bald wieder Urlaub haben.<\/p>\n\n\n\n<p>Meine Prognose w\u00e4re \u00fcbrigens, dass auch Ihr Urlaub noch sch\u00f6ner und erholsamer wird, je zufriedener Sie unabh\u00e4ngig von diesen im Alltag sind. Denken Sie doch mal dar\u00fcber nach.<\/p>\n\n\n\n<p>Also, wohin geht es f\u00fcr Sie in diesem Jahr in Urlaub?<\/p>\n\n\n\n<p>Ist es \u201eendlich mal raus\u201c oder \u201eauch sch\u00f6n, mal woanders hinzukommen\u201c?<\/p>\n\n\n\n<p>Was \u2013 ganz konkret \u2013 wollen Sie angehen, um Ihre pers\u00f6nliche Situation v\u00f6llig unabh\u00e4ngig vom Urlaub zu verbessern?<\/p>\n\n\n\n<p>#ver\u00e4nderung<\/p>\n\n\n\n<p>#zufriedenheit<\/p>\n\n\n\n<p>#coaching<\/p>\n\n\n<div class=\"wp-block-image\">\n<figure class=\"alignright size-full is-resized\"><img loading=\"lazy\" decoding=\"async\" width=\"373\" height=\"391\" src=\"https:\/\/marioporten.de\/wp-content\/uploads\/Wegbegleiter-2024.jpg\" alt=\"\" class=\"wp-image-4602\" style=\"width:330px;height:auto\" srcset=\"https:\/\/marioporten.de\/wp-content\/uploads\/Wegbegleiter-2024.jpg 373w, https:\/\/marioporten.de\/wp-content\/uploads\/Wegbegleiter-2024-286x300.jpg 286w\" sizes=\"auto, (max-width: 373px) 85vw, 373px\" \/><\/figure>\n<\/div>","protected":false},"excerpt":{"rendered":"<p>Am vergangenen Freitag haben auch in unserem Bundesland die Sommerferien begonnen und die Sch\u00fclerinnen und Sch\u00fcler freuen sich auf sechs Wochen Schulpause. Auch von vielen anderen Seiten h\u00f6re bzw. lese ich aktuell wieder spannende Aussagen. Auf meinem Tageskalender steht beispielsweise: \u201cUrlaub ist sch\u00f6nste Zeit im Jahr\u201c. In einem Telefonat sagte eine F\u00fchrungskraft gestern zu mir: &hellip; <a href=\"https:\/\/marioporten.de\/?p=4858\" class=\"more-link\"><span class=\"screen-reader-text\">\u201e\u201c <\/span>weiterlesen<\/a><\/p>\n","protected":false},"author":60,"featured_media":4859,"comment_status":"open","ping_status":"open","sticky":false,"template":"","format":"standard","meta":{"footnotes":""},"categories":[1,115],"tags":[20,25,110,37,287],"class_list":["post-4858","post","type-post","status-publish","format-standard","has-post-thumbnail","hentry","category-allgemein","category-impulse","tag-coaching","tag-erfolg","tag-selbstreflexion","tag-veraenderung","tag-zufriedenheit"],"_links":{"self":[{"href":"https:\/\/marioporten.de\/index.php?rest_route=\/wp\/v2\/posts\/4858","targetHints":{"allow":["GET"]}}],"collection":[{"href":"https:\/\/marioporten.de\/index.php?rest_route=\/wp\/v2\/posts"}],"about":[{"href":"https:\/\/marioporten.de\/index.php?rest_route=\/wp\/v2\/types\/post"}],"author":[{"embeddable":true,"href":"https:\/\/marioporten.de\/index.php?rest_route=\/wp\/v2\/users\/60"}],"replies":[{"embeddable":true,"href":"https:\/\/marioporten.de\/index.php?rest_route=%2Fwp%2Fv2%2Fcomments&post=4858"}],"version-history":[{"count":1,"href":"https:\/\/marioporten.de\/index.php?rest_route=\/wp\/v2\/posts\/4858\/revisions"}],"predecessor-version":[{"id":4860,"href":"https:\/\/marioporten.de\/index.php?rest_route=\/wp\/v2\/posts\/4858\/revisions\/4860"}],"wp:featuredmedia":[{"embeddable":true,"href":"https:\/\/marioporten.de\/index.php?rest_route=\/wp\/v2\/media\/4859"}],"wp:attachment":[{"href":"https:\/\/marioporten.de\/index.php?rest_route=%2Fwp%2Fv2%2Fmedia&parent=4858"}],"wp:term":[{"taxonomy":"category","embeddable":true,"href":"https:\/\/marioporten.de\/index.php?rest_route=%2Fwp%2Fv2%2Fcategories&post=4858"},{"taxonomy":"post_tag","embeddable":true,"href":"https:\/\/marioporten.de\/index.php?rest_route=%2Fwp%2Fv2%2Ftags&post=4858"}],"curies":[{"name":"wp","href":"https:\/\/api.w.org\/{rel}","templated":true}]}}