{"id":5036,"date":"2025-02-24T05:00:00","date_gmt":"2025-02-24T04:00:00","guid":{"rendered":"https:\/\/marioporten.de\/?p=5036"},"modified":"2025-02-12T13:20:14","modified_gmt":"2025-02-12T12:20:14","slug":"work-life-balance-kommt-zu-kurz","status":"publish","type":"post","link":"https:\/\/marioporten.de\/?p=5036","title":{"rendered":"Work-Life-Balance kommt zu kurz"},"content":{"rendered":"\n<p>Eine Studie des Karrierenetzwerks Xing offenbart Herausforderungen beim Thema Work-Life-Balance speziell f\u00fcr die Gruppe der Millennials (Generation Y). Das verwundert auch nicht, denn diese Generation steht aktuell in besonderem Ma\u00dfe im Spannungsfeld zwischen der jungen Familie einerseits und dem beruflichen Aufstieg andererseits.<\/p>\n\n\n\n<p>71% der 377 Befragten in der Generation Y gaben an, dass zwischen Arbeit und Freizeit ein unausgewogenes Verh\u00e4ltnis besteht. Daf\u00fcr sei insbesondere die gew\u00fcnschte Vereinbarkeit von Beruf und Familie, die 85% der Befragten wichtig war, verantwortlich.<\/p>\n\n\n\n<p>Wollen die Unternehmen ihre Mitarbeitenden dieser Generation binden und f\u00f6rdern, so werden verst\u00e4rkt flexible und individuelle L\u00f6sungen erforderlich sein. Im Wettstreit um gute Mitarbeiterinnen und Mitarbeiter, sind die Arbeitgeber gut beraten, auch Freir\u00e4ume f\u00fcr die jungen Familien einzur\u00e4umen. Sonst d\u00fcrfte die Abwanderung drohen. Hier gibt es offenbar noch Potenzial, denn 20% der jungen Befragten gaben an, dass ihre Arbeitgeber die Vereinbarkeit von Familie und Beruf nicht unterst\u00fctzen. Dies d\u00fcrfte mittelfristig ein klassisches \u201eEigentor\u201c sein.<\/p>\n\n\n\n<p>#worklifebalance<\/p>\n\n\n\n<p>#familieundberuf<\/p>\n\n\n\n<p>#zufriedenheit<\/p>\n\n\n<div class=\"wp-block-image\">\n<figure class=\"alignright size-full is-resized\"><img loading=\"lazy\" decoding=\"async\" width=\"364\" height=\"384\" src=\"https:\/\/marioporten.de\/wp-content\/uploads\/Wegbegleiter2025.jpg\" alt=\"\" class=\"wp-image-5000\" style=\"width:289px;height:auto\" srcset=\"https:\/\/marioporten.de\/wp-content\/uploads\/Wegbegleiter2025.jpg 364w, https:\/\/marioporten.de\/wp-content\/uploads\/Wegbegleiter2025-284x300.jpg 284w\" sizes=\"auto, (max-width: 364px) 85vw, 364px\" \/><\/figure>\n<\/div>","protected":false},"excerpt":{"rendered":"<p>Eine Studie des Karrierenetzwerks Xing offenbart Herausforderungen beim Thema Work-Life-Balance speziell f\u00fcr die Gruppe der Millennials (Generation Y). Das verwundert auch nicht, denn diese Generation steht aktuell in besonderem Ma\u00dfe im Spannungsfeld zwischen der jungen Familie einerseits und dem beruflichen Aufstieg andererseits. 71% der 377 Befragten in der Generation Y gaben an, dass zwischen Arbeit &hellip; <a href=\"https:\/\/marioporten.de\/?p=5036\" class=\"more-link\"><span class=\"screen-reader-text\">\u201eWork-Life-Balance kommt zu kurz\u201c <\/span>weiterlesen<\/a><\/p>\n","protected":false},"author":60,"featured_media":5034,"comment_status":"open","ping_status":"open","sticky":false,"template":"","format":"standard","meta":{"footnotes":""},"categories":[5,1],"tags":[20,1018,52,122,1017,110,37,169,287],"class_list":["post-5036","post","type-post","status-publish","format-standard","has-post-thumbnail","hentry","category-aktuelle-fakten-und-umfragen","category-allgemein","tag-coaching","tag-familie-und-beruf","tag-fuehrungskraefte","tag-generation-y","tag-millennials","tag-selbstreflexion","tag-veraenderung","tag-work-life-balance","tag-zufriedenheit"],"_links":{"self":[{"href":"https:\/\/marioporten.de\/index.php?rest_route=\/wp\/v2\/posts\/5036","targetHints":{"allow":["GET"]}}],"collection":[{"href":"https:\/\/marioporten.de\/index.php?rest_route=\/wp\/v2\/posts"}],"about":[{"href":"https:\/\/marioporten.de\/index.php?rest_route=\/wp\/v2\/types\/post"}],"author":[{"embeddable":true,"href":"https:\/\/marioporten.de\/index.php?rest_route=\/wp\/v2\/users\/60"}],"replies":[{"embeddable":true,"href":"https:\/\/marioporten.de\/index.php?rest_route=%2Fwp%2Fv2%2Fcomments&post=5036"}],"version-history":[{"count":2,"href":"https:\/\/marioporten.de\/index.php?rest_route=\/wp\/v2\/posts\/5036\/revisions"}],"predecessor-version":[{"id":5040,"href":"https:\/\/marioporten.de\/index.php?rest_route=\/wp\/v2\/posts\/5036\/revisions\/5040"}],"wp:featuredmedia":[{"embeddable":true,"href":"https:\/\/marioporten.de\/index.php?rest_route=\/wp\/v2\/media\/5034"}],"wp:attachment":[{"href":"https:\/\/marioporten.de\/index.php?rest_route=%2Fwp%2Fv2%2Fmedia&parent=5036"}],"wp:term":[{"taxonomy":"category","embeddable":true,"href":"https:\/\/marioporten.de\/index.php?rest_route=%2Fwp%2Fv2%2Fcategories&post=5036"},{"taxonomy":"post_tag","embeddable":true,"href":"https:\/\/marioporten.de\/index.php?rest_route=%2Fwp%2Fv2%2Ftags&post=5036"}],"curies":[{"name":"wp","href":"https:\/\/api.w.org\/{rel}","templated":true}]}}