{"id":5125,"date":"2025-07-07T05:00:00","date_gmt":"2025-07-07T03:00:00","guid":{"rendered":"https:\/\/marioporten.de\/?p=5125"},"modified":"2025-05-08T07:51:08","modified_gmt":"2025-05-08T05:51:08","slug":"zoegern-als-wertvolle-kompetenz","status":"publish","type":"post","link":"https:\/\/marioporten.de\/?p=5125","title":{"rendered":"Z\u00f6gern als wertvolle Kompetenz"},"content":{"rendered":"\n<p>Das Zitat von Herrn Meurer ist sehr bekannt. Auch bei mir h\u00e4ngt es seit vielen Jahren in meinem Coachingraum an der Wand. Meist zitieren wir es, wenn wir Menschen deutlich machen wollen, dass sie nach Ausreden suchen, um etwas nicht zu tun. Wir wollen diesen Menschen so eine Art \u201eSchups\u201c geben, damit sie \u2013 endlich \u2013 ins Handeln kommen. Nicht lamentieren, sondern tun.<\/p>\n\n\n\n<p>Ich will daher heute diesem Zitat einmal ganz bewusst eine andere Interpretation geben.<\/p>\n\n\n\n<p>Sicher kennen Sie auch dieses Gef\u00fchl, dass Sie zu einer bestimmten Sache nicht bedingungslos \u201eJA\u201c sagen l\u00e4sst. Es folgt immer gleich ein \u201eABER\u201c. \u201eJa das stimmt, aber vielleicht\u2026\u201c.<\/p>\n\n\n\n<p>Wenn wir so auftreten, l\u00f6st das bei unseren Mitmenschen oftmals Unbehagen, Wut oder Entt\u00e4uschung aus. Wir werden dann gerne als Bedenkentr\u00e4ger abgestempelt, als Zauderer oder Verhinderer. Alles keine sch\u00f6nen Bewertungen durch unser Umfeld, denn wer m\u00f6chte schon so negativ abgestempelt werden.<\/p>\n\n\n\n<p>Wie kommt es, dass wir nicht bedingungslos \u201eJA\u201c sagen k\u00f6nnen und sofort kraftvoll und energisch in Umsetzung gehen. Es meldet sich unser unbewusstes Wissen, dass Sorgen oder Einw\u00e4nde anmeldet, die noch nicht so in unserem Bewusstsein angekommen sind, dass wir sie erfassen und konkret aussprechen k\u00f6nnen. Es hilft vielleicht, sich daran zu erinnern, dass nur etwa 15% unseres gesamten Wissens bewusstes Wissen ist. Der weit gr\u00f6\u00dfere Rest ist in unserem Unterbewusstsein gespeichert und vorhanden, aber eben nicht sofort abrufbar. Dort melden sich vielleicht gerade lange zur\u00fcckliegende Erfahrungen, existentielle Sorgen oder tief verborgene \u00c4ngste. Diese Dinge lassen uns z\u00f6gern, bedingungslos \u201eJA\u201c zu sagen.<\/p>\n\n\n\n<p>Ich erlebe h\u00e4ufig, dass Menschen nun mit sich hadern und etwa die Frage aufwerfen: \u201eWarum bin ich nur so z\u00f6gerlich und nicht wie\u2026, kraftvoll und energisch anpackend.\u201c &nbsp;Viele meiner Klienten haben mir auch geschildert, dass sie in solchen Situationen einen enormen Druck versp\u00fcren, den Erwartungen gerecht werden zu m\u00fcssen \u2013 den eigenen und denen anderer. Damit f\u00fchlen Sie sich schlecht.<\/p>\n\n\n\n<p>Folgen wir dem Zitat von Herrn Meurer, dann gibt es aber auch die M\u00f6glichkeit, dass wir das, was wir vermeintlich tun wollen und sollen, in Wirklichkeit gar nicht wollen. Diese Signale sendet zumindest gerade unser Unbewusstsein. \u201eWer etwas nicht will, findet Gr\u00fcnde.\u201c Oder eben Zweifel.<\/p>\n\n\n\n<p>Wenn wir das Ganze einmal kompetenzorientiert betrachten, meldet sich vielleicht gerade unsere Kompetenz, keine vorschnellen Entscheidungen zu treffen und lieber einmal mehr zu hinterfragen, was ich wirklich will. Denn wer Dinge tut, die er nicht wirklich will, wird niemals gl\u00fccklich und zufrieden werden. Das Unbewusstsein ist meist ein sehr guter Berater und meldet sich selten ohne Grund. Es k\u00f6nnte also gerade genau richtig sein, auf seine Warnungen zu reagieren und sich selbst eben nicht abzuwerten, weil man irgendwelchen Erwartungen nicht (schnell genug) gerecht wird. Vielmehr sollte man sich loben, denn wir bekommen so eine zweite Chance, dar\u00fcber nachzudenken, was wir wirklich wollen. Und das, und nur das, bringt uns auf den Weg dauerhafter Zufriedenheit.<\/p>\n\n\n\n<p>Ein solches Verhalten ist kein Makel, sondern eine wertvolle Kompetenz!<\/p>\n\n\n\n<p>Wie geht es denn Ihnen gerade? Sind Sie auf dem richtigen Weg?<\/p>\n\n\n\n<p>Wissen Sie (genau) was Sie wollen und suchen Sie bereits den richtigen Weg daf\u00fcr?<\/p>\n\n\n\n<p>Oder sp\u00fcren Sie gerade innere Widerst\u00e4nde, die Sie z\u00f6gern lassen, ohne dass Sie sich genau erkl\u00e4ren k\u00f6nnen, wie es dazu kommt?<\/p>\n\n\n\n<p>Wie auch immer es ist, ich w\u00fcnsche Ihnen eine sch\u00f6ne Woche.<\/p>\n\n\n\n<p>#coaching<\/p>\n\n\n\n<p>#ver\u00e4nderung<\/p>\n\n\n\n<p>#zufriedenheit<\/p>\n\n\n<div class=\"wp-block-image\">\n<figure class=\"alignright size-full is-resized\"><img loading=\"lazy\" decoding=\"async\" width=\"364\" height=\"384\" src=\"https:\/\/marioporten.de\/wp-content\/uploads\/Wegbegleiter2025.jpg\" alt=\"\" class=\"wp-image-5000\" style=\"width:275px;height:auto\" srcset=\"https:\/\/marioporten.de\/wp-content\/uploads\/Wegbegleiter2025.jpg 364w, https:\/\/marioporten.de\/wp-content\/uploads\/Wegbegleiter2025-284x300.jpg 284w\" sizes=\"auto, (max-width: 364px) 85vw, 364px\" \/><\/figure>\n<\/div>","protected":false},"excerpt":{"rendered":"<p>Das Zitat von Herrn Meurer ist sehr bekannt. Auch bei mir h\u00e4ngt es seit vielen Jahren in meinem Coachingraum an der Wand. Meist zitieren wir es, wenn wir Menschen deutlich machen wollen, dass sie nach Ausreden suchen, um etwas nicht zu tun. Wir wollen diesen Menschen so eine Art \u201eSchups\u201c geben, damit sie \u2013 endlich &hellip; <a href=\"https:\/\/marioporten.de\/?p=5125\" class=\"more-link\"><span class=\"screen-reader-text\">\u201eZ\u00f6gern als wertvolle Kompetenz\u201c <\/span>weiterlesen<\/a><\/p>\n","protected":false},"author":60,"featured_media":5126,"comment_status":"open","ping_status":"open","sticky":false,"template":"","format":"standard","meta":{"footnotes":""},"categories":[1,115],"tags":[],"class_list":["post-5125","post","type-post","status-publish","format-standard","has-post-thumbnail","hentry","category-allgemein","category-impulse"],"_links":{"self":[{"href":"https:\/\/marioporten.de\/index.php?rest_route=\/wp\/v2\/posts\/5125","targetHints":{"allow":["GET"]}}],"collection":[{"href":"https:\/\/marioporten.de\/index.php?rest_route=\/wp\/v2\/posts"}],"about":[{"href":"https:\/\/marioporten.de\/index.php?rest_route=\/wp\/v2\/types\/post"}],"author":[{"embeddable":true,"href":"https:\/\/marioporten.de\/index.php?rest_route=\/wp\/v2\/users\/60"}],"replies":[{"embeddable":true,"href":"https:\/\/marioporten.de\/index.php?rest_route=%2Fwp%2Fv2%2Fcomments&post=5125"}],"version-history":[{"count":2,"href":"https:\/\/marioporten.de\/index.php?rest_route=\/wp\/v2\/posts\/5125\/revisions"}],"predecessor-version":[{"id":5128,"href":"https:\/\/marioporten.de\/index.php?rest_route=\/wp\/v2\/posts\/5125\/revisions\/5128"}],"wp:featuredmedia":[{"embeddable":true,"href":"https:\/\/marioporten.de\/index.php?rest_route=\/wp\/v2\/media\/5126"}],"wp:attachment":[{"href":"https:\/\/marioporten.de\/index.php?rest_route=%2Fwp%2Fv2%2Fmedia&parent=5125"}],"wp:term":[{"taxonomy":"category","embeddable":true,"href":"https:\/\/marioporten.de\/index.php?rest_route=%2Fwp%2Fv2%2Fcategories&post=5125"},{"taxonomy":"post_tag","embeddable":true,"href":"https:\/\/marioporten.de\/index.php?rest_route=%2Fwp%2Fv2%2Ftags&post=5125"}],"curies":[{"name":"wp","href":"https:\/\/api.w.org\/{rel}","templated":true}]}}