{"id":5165,"date":"2025-09-01T05:00:00","date_gmt":"2025-09-01T03:00:00","guid":{"rendered":"https:\/\/marioporten.de\/?p=5165"},"modified":"2025-07-05T08:57:55","modified_gmt":"2025-07-05T06:57:55","slug":"arbeitszeit","status":"publish","type":"post","link":"https:\/\/marioporten.de\/?p=5165","title":{"rendered":"Arbeitszeit"},"content":{"rendered":"\n<p>Wann arbeiten Sie eigentlich am liebsten? Morgens? Abends?<\/p>\n\n\n\n<p>Der Zeiterfassungsanbieter Protime legt eine Studie vor, in der 44% der Befragten die fr\u00fchen Morgenstunden bevorzugten. 20% nannten den sp\u00e4ten Vormittag als bevorzugte Arbeitszeit.<\/p>\n\n\n\n<p>Damit liegen die meisten Menschen zumindest innerhalb des klassischen 9 bis 17 Uhr Arbeitszeitfensters. In der aktuellen Diskussion um eine neue Gestaltung von Arbeit, sowohl in r\u00e4umlicher als auch in zeitlicher Hinsicht, kommt jedoch immer mehr die Forderung auf, den pers\u00f6nlichen Biorhythmus bei der Arbeitszeitwahl ber\u00fccksichtigen zu k\u00f6nnen. Ich arbeite also dann, wenn es f\u00fcr mich pers\u00f6nlich am angenehmsten und wohl auch effektivsten ist.<\/p>\n\n\n\n<p>67% der Befragten waren der Meinung, der pers\u00f6nliche Biorhythmus sollte bei der Arbeitszeit ber\u00fccksichtigt werden. Gerade junge Menschen wie die Generation Z (75%) artikulierten hier ihre Anforderungen besonders deutlich.<\/p>\n\n\n\n<p>Auch insgesamt war die Bereitschaft zur Flexibilit\u00e4t sehr hoch. Gro\u00dfe Offenheit zeigten die Befragten z.B. f\u00fcr gestaffelte Arbeitszeiten oder auch komprimierte Arbeitswochen.<\/p>\n\n\n\n<p>Die Arbeitswelt ist im Wandel \u2013 wir sind mittendrin!<\/p>\n\n\n\n<p>#newwork<\/p>\n\n\n\n<p>#flexibilit\u00e4t<\/p>\n\n\n\n<p>#coaching<\/p>\n\n\n<div class=\"wp-block-image\">\n<figure class=\"alignright size-full is-resized\"><img loading=\"lazy\" decoding=\"async\" width=\"364\" height=\"384\" src=\"https:\/\/marioporten.de\/wp-content\/uploads\/Wegbegleiter2025.jpg\" alt=\"\" class=\"wp-image-5000\" style=\"width:311px;height:auto\" srcset=\"https:\/\/marioporten.de\/wp-content\/uploads\/Wegbegleiter2025.jpg 364w, https:\/\/marioporten.de\/wp-content\/uploads\/Wegbegleiter2025-284x300.jpg 284w\" sizes=\"auto, (max-width: 364px) 85vw, 364px\" \/><\/figure>\n<\/div>","protected":false},"excerpt":{"rendered":"<p>Wann arbeiten Sie eigentlich am liebsten? Morgens? Abends? Der Zeiterfassungsanbieter Protime legt eine Studie vor, in der 44% der Befragten die fr\u00fchen Morgenstunden bevorzugten. 20% nannten den sp\u00e4ten Vormittag als bevorzugte Arbeitszeit. Damit liegen die meisten Menschen zumindest innerhalb des klassischen 9 bis 17 Uhr Arbeitszeitfensters. In der aktuellen Diskussion um eine neue Gestaltung von &hellip; <a href=\"https:\/\/marioporten.de\/?p=5165\" class=\"more-link\"><span class=\"screen-reader-text\">\u201eArbeitszeit\u201c <\/span>weiterlesen<\/a><\/p>\n","protected":false},"author":60,"featured_media":4981,"comment_status":"open","ping_status":"open","sticky":false,"template":"","format":"standard","meta":{"footnotes":""},"categories":[5,1],"tags":[801,20,25,701,107,37,287],"class_list":["post-5165","post","type-post","status-publish","format-standard","has-post-thumbnail","hentry","category-aktuelle-fakten-und-umfragen","category-allgemein","tag-arbeitszeit","tag-coaching","tag-erfolg","tag-new-leadership","tag-new-work","tag-veraenderung","tag-zufriedenheit"],"_links":{"self":[{"href":"https:\/\/marioporten.de\/index.php?rest_route=\/wp\/v2\/posts\/5165","targetHints":{"allow":["GET"]}}],"collection":[{"href":"https:\/\/marioporten.de\/index.php?rest_route=\/wp\/v2\/posts"}],"about":[{"href":"https:\/\/marioporten.de\/index.php?rest_route=\/wp\/v2\/types\/post"}],"author":[{"embeddable":true,"href":"https:\/\/marioporten.de\/index.php?rest_route=\/wp\/v2\/users\/60"}],"replies":[{"embeddable":true,"href":"https:\/\/marioporten.de\/index.php?rest_route=%2Fwp%2Fv2%2Fcomments&post=5165"}],"version-history":[{"count":1,"href":"https:\/\/marioporten.de\/index.php?rest_route=\/wp\/v2\/posts\/5165\/revisions"}],"predecessor-version":[{"id":5166,"href":"https:\/\/marioporten.de\/index.php?rest_route=\/wp\/v2\/posts\/5165\/revisions\/5166"}],"wp:featuredmedia":[{"embeddable":true,"href":"https:\/\/marioporten.de\/index.php?rest_route=\/wp\/v2\/media\/4981"}],"wp:attachment":[{"href":"https:\/\/marioporten.de\/index.php?rest_route=%2Fwp%2Fv2%2Fmedia&parent=5165"}],"wp:term":[{"taxonomy":"category","embeddable":true,"href":"https:\/\/marioporten.de\/index.php?rest_route=%2Fwp%2Fv2%2Fcategories&post=5165"},{"taxonomy":"post_tag","embeddable":true,"href":"https:\/\/marioporten.de\/index.php?rest_route=%2Fwp%2Fv2%2Ftags&post=5165"}],"curies":[{"name":"wp","href":"https:\/\/api.w.org\/{rel}","templated":true}]}}