{"id":747,"date":"2018-01-26T08:16:28","date_gmt":"2018-01-26T07:16:28","guid":{"rendered":"http:\/\/blogg.marioporten.de\/?p=747"},"modified":"2018-01-26T08:16:28","modified_gmt":"2018-01-26T07:16:28","slug":"digitalisierung-erfordert-lebenslanges-lernen","status":"publish","type":"post","link":"https:\/\/marioporten.de\/?p=747","title":{"rendered":"Digitalisierung erfordert lebenslanges Lernen&#8230;"},"content":{"rendered":"<p>&#8230; das glauben einer aktuellen Umfrage des Digitalverbands Bitcom zufolge (Quelle: <em>managerseminare<\/em> 02\/1018) 92% der Befragten. 90% glauben au\u00dferdem mit Weiterbildungen zu Digitalthemen ihre Chancen auf dem Arbeitsmarkt verbessern zu k\u00f6nnen, weil entsprechende Kompetenzen wichtig sind, um im Beruf erfolgreich zu sein. Und mehr als zwei Drittel der Befragten glauben auch, dass in Zukunft digitale Kompetenz ebenso wichtig sein wird wie fachliche uns soziale Kompetenzen.<\/p>\n<p>Man kann schon fast antizipieren &#8211; weil uns dieses Bild immer wieder bei Fragen der Weiterbildung in Deutschland begegnet &#8211; dass der Eindeutigkeit in der Bedeutungseinsch\u00e4tzung wohl ein gegenteiliges Bild der Weiterbildungsrealit\u00e4t gegen\u00fcber stehen wird. So ist es denn auch!<\/p>\n<p>72% der Befragten bekunden n\u00e4mlich, f\u00fcr Weiterbildungen in Sachen Digitalisierung keine Zeit zu haben und fast 6 von 10 Befragten erkl\u00e4ren, ihr Arbeitgeber biete dazu gar keine Weiterbildungen an. Zwar k\u00f6nnte man sich dann privat weiterbilden, doch das lehnen viele Arbeitnehmer ab. Jeder f\u00fcnfte beispielsweise erkl\u00e4rt klar, er wolle seine Freizeit nicht f\u00fcr Weiterbildungen nutzen. Immerhin 40% k\u00f6nnen sich vorstellen, daf\u00fcr eine Stunde zu investieren.<\/p>\n<p>Die Einstellung der Arbeitnehmer mag bitte jeder f\u00fcr sich bewerten, ich m\u00f6chte da eher an die Unternehmen appellieren:<\/p>\n<p>Wenn sich alle einig sind, dass digitale Kompetenzen in Zukunft wichtig sind, dann stehen Sie als Unternehmer vor der Frage, ob Sie morgen noch ausreichend qualifizierte Mitarbeiter haben, um im Wettbewerb bestehen zu k\u00f6nnen oder nicht. Das macht dann allerdings aus meiner Sicht die Antwort auf die Frage, ob Sie Weiterbildungen in Sachen Digitalisierung aktiv anbieten und daf\u00fcr auch Freir\u00e4ume innerhalb der Arbeitszeiten einr\u00e4umen, eindeutig. Nat\u00fcrlich &#8211; oder Sie gehen das Risiko nicht ausreichend qualifizierter Mitarbeiter bewusst ein, aber ob das unternehmerisch die richtige Entscheidung ist, darf bezweifelt werden.<\/p>\n<p><img loading=\"lazy\" decoding=\"async\" class=\"aligncenter wp-image-748\" src=\"http:\/\/blogg.marioporten.de\/wp-content\/uploads\/Grafiken-21.png\" alt=\"\" width=\"600\" height=\"184\" \/><\/p>\n","protected":false},"excerpt":{"rendered":"<p>&#8230; das glauben einer aktuellen Umfrage des Digitalverbands Bitcom zufolge (Quelle: managerseminare 02\/1018) 92% der Befragten. 90% glauben au\u00dferdem mit Weiterbildungen zu Digitalthemen ihre Chancen auf dem Arbeitsmarkt verbessern zu k\u00f6nnen, weil entsprechende Kompetenzen wichtig sind, um im Beruf erfolgreich zu sein. Und mehr als zwei Drittel der Befragten glauben auch, dass in Zukunft digitale &hellip; <a href=\"https:\/\/marioporten.de\/?p=747\" class=\"more-link\"><span class=\"screen-reader-text\">\u201eDigitalisierung erfordert lebenslanges Lernen&#8230;\u201c <\/span>weiterlesen<\/a><\/p>\n","protected":false},"author":1,"featured_media":383,"comment_status":"open","ping_status":"open","sticky":false,"template":"","format":"standard","meta":{"footnotes":""},"categories":[5],"tags":[],"class_list":["post-747","post","type-post","status-publish","format-standard","has-post-thumbnail","hentry","category-aktuelle-fakten-und-umfragen"],"_links":{"self":[{"href":"https:\/\/marioporten.de\/index.php?rest_route=\/wp\/v2\/posts\/747","targetHints":{"allow":["GET"]}}],"collection":[{"href":"https:\/\/marioporten.de\/index.php?rest_route=\/wp\/v2\/posts"}],"about":[{"href":"https:\/\/marioporten.de\/index.php?rest_route=\/wp\/v2\/types\/post"}],"author":[{"embeddable":true,"href":"https:\/\/marioporten.de\/index.php?rest_route=\/wp\/v2\/users\/1"}],"replies":[{"embeddable":true,"href":"https:\/\/marioporten.de\/index.php?rest_route=%2Fwp%2Fv2%2Fcomments&post=747"}],"version-history":[{"count":1,"href":"https:\/\/marioporten.de\/index.php?rest_route=\/wp\/v2\/posts\/747\/revisions"}],"predecessor-version":[{"id":749,"href":"https:\/\/marioporten.de\/index.php?rest_route=\/wp\/v2\/posts\/747\/revisions\/749"}],"wp:featuredmedia":[{"embeddable":true,"href":"https:\/\/marioporten.de\/index.php?rest_route=\/wp\/v2\/media\/383"}],"wp:attachment":[{"href":"https:\/\/marioporten.de\/index.php?rest_route=%2Fwp%2Fv2%2Fmedia&parent=747"}],"wp:term":[{"taxonomy":"category","embeddable":true,"href":"https:\/\/marioporten.de\/index.php?rest_route=%2Fwp%2Fv2%2Fcategories&post=747"},{"taxonomy":"post_tag","embeddable":true,"href":"https:\/\/marioporten.de\/index.php?rest_route=%2Fwp%2Fv2%2Ftags&post=747"}],"curies":[{"name":"wp","href":"https:\/\/api.w.org\/{rel}","templated":true}]}}